{"id":419,"date":"2023-08-03T09:55:30","date_gmt":"2023-08-03T08:55:30","guid":{"rendered":"http:\/\/www.voltfer.es\/?p=419"},"modified":"2023-08-03T09:55:30","modified_gmt":"2023-08-03T08:55:30","slug":"voltfer-instala-mas-12-000-paneles-solares-industrias-del-mar-conserveras-del-area-vigo","status":"publish","type":"post","link":"https:\/\/www.voltfer.es\/en\/voltfer-instala-mas-12-000-paneles-solares-industrias-del-mar-conserveras-del-area-vigo\/","title":{"rendered":"Voltfer installed over 12,000 solar panels in the industries of the sea and canning of the area of Vigo"},"content":{"rendered":"<ul>\n<li><strong>Grandes congeladores, centros log\u00edsticos y de transformaci\u00f3n de productos del mar y conserveras dan un salto al autoconsumo fotovoltaico para reducir su dependencia energ\u00e9tica y protegerse frente a los vaivenes del mercado en los precios de la energ\u00eda<\/strong><\/li>\n<\/ul>\n<p><strong>\u00a0<\/strong><\/p>\n<ul>\n<li><strong>El Grupo Pereira acaba de incorporar casi 1.300 m\u00f3dulos solares en sus frigor\u00edficos del Puerto de Vigo y Pazos de Borb\u00e9n de la mano de la divisi\u00f3n de renovables del Grupo Alvari\u00f1o<\/strong><\/li>\n<\/ul>\n<p><strong>\u00a0<\/strong><\/p>\n<p>Grupo Pereira ha reforzado su apuesta por la energ\u00eda fotovoltaica de autoconsumo de la mano de Voltfer, divisi\u00f3n del Grupo Alvari\u00f1o especializada en energ\u00edas renovables. El Grupo vigu\u00e9s, referente en el sector de la pesca y transformaci\u00f3n de productos del mar, acaba de incorporar en su frigor\u00edfico del Puerto de Vigo un total de 641 paneles solares, que se suman a otros 641 que han entrado recientemente en funcionamiento en su planta de Pazos de Borb\u00e9n, ambas de 330 kW de potencia. Con las dos instalaciones, el Grupo se autoabastece con una producci\u00f3n de m\u00e1s de 805.000 kWh que cubren en torno al 20% de las necesidades de consumo energ\u00e9tico de estos dos congeladores y evitan la emisi\u00f3n de m\u00e1s de 250 toneladas equivalentes de CO2 a la atm\u00f3sfera.<\/p>\n<p>El presidente del Grupo Pereira, Jos\u00e9 Enrique Pereira, afirm\u00f3 que esta inversi\u00f3n se engloba dentro de una estrategia de sostenibilidad global en la que el compromiso ambiental est\u00e1 en el centro. \u201cConsideramos que es posible mejorar la competitividad de nuestra empresa y reducir nuestra huella de carbono a trav\u00e9s de la inversi\u00f3n en energ\u00edas renovables\u201d.<\/p>\n<p><img fetchpriority=\"high\" decoding=\"async\" class=\"size-large wp-image-420\" src=\"http:\/\/www.voltfer.es\/wp-content\/uploads\/2023\/08\/FOTO1-1024x576.jpg\" alt=\"\" width=\"1024\" height=\"576\" srcset=\"https:\/\/www.voltfer.es\/wp-content\/uploads\/2023\/08\/FOTO1-1024x576.jpg 1024w, https:\/\/www.voltfer.es\/wp-content\/uploads\/2023\/08\/FOTO1-300x169.jpg 300w, https:\/\/www.voltfer.es\/wp-content\/uploads\/2023\/08\/FOTO1-768x432.jpg 768w, https:\/\/www.voltfer.es\/wp-content\/uploads\/2023\/08\/FOTO1-260x146.jpg 260w, https:\/\/www.voltfer.es\/wp-content\/uploads\/2023\/08\/FOTO1-50x28.jpg 50w, https:\/\/www.voltfer.es\/wp-content\/uploads\/2023\/08\/FOTO1-133x75.jpg 133w\" sizes=\"(max-width: 1024px) 100vw, 1024px\" \/><\/p>\n<p><strong>6 MW instalados en empresas del sector del Mar<\/strong><\/p>\n<p>En la entrega de esta instalaci\u00f3n al Grupo Pereira, el presidente del Grupo Alvari\u00f1o, Jos\u00e9 Manuel Fern\u00e1ndez Alvari\u00f1o, asegur\u00f3 que \u201clos grandes frigor\u00edficos, empresas de transformaci\u00f3n de productos del mar y conserveras est\u00e1n dando un salto decidido al autoconsumo fotovoltaico como principal aliado para reducir su dependencia energ\u00e9tica y mitigar el impacto y las fluctuaciones de los precios de la electricidad\u201d. En este sentido, detall\u00f3 que Voltfer, la divisi\u00f3n de renovables del Grupo ha instalado en los \u00faltimos 3 a\u00f1os m\u00e1s de 5,8 MW en empresas del sector del mar en el \u00e1rea de Vigo. \u201cEntre frigor\u00edficos, plantas de transformaci\u00f3n y conserveras hemos instalado m\u00e1s de 12.000 paneles solares s\u00f3lo en el entorno de Vigo\u201d.<\/p>\n<p>Para estas empresas, \u201cse trata de una apuesta por la sostenibilidad, abordando la transici\u00f3n energ\u00e9tica de la mano de una fuente de energ\u00eda renovable y no contaminante, la energ\u00eda solar fotovoltaica, que adem\u00e1s permite grandes ahorros desde el primer momento y una amortizaci\u00f3n a corto plazo de las inversiones realizadas\u201d, dijo.<\/p>\n<p>Firmas como el Grupo Pereira, Fandicosta, Casa Botas, Mascato, Frioya y Frialia Log\u00edstica, Friotea, Frigalsa o Galiciamar, referentes en el sector de la transformaci\u00f3n, la log\u00edstica y la comercializaci\u00f3n de productos de la pesca en Galicia, mayoristas de mariscos y conserveras de la provincia como Cerqueira, Friscos, Cermar o Antonio P\u00e9rez Lafuente lideran esta apuesta por el autoconsumo en alianza con Voltfer y Enertra.<\/p>\n<p>\u201cSe trata de empresas cuya actividad implica una elevada demanda de energ\u00eda, para las que el precio de la electricidad tiene un impacto crucial en los resultados\u201d, explica Jos\u00e9 Mar\u00eda Fari\u00f1a, director t\u00e9cnico de Voltfer. Por ello, \u201cuna instalaci\u00f3n de este tipo es un elemento decisivo para la competitividad, permitiendo ahorros important\u00edsimos en electricidad, y que adem\u00e1s puede acometerse sin necesidad de inversi\u00f3n si se opta por una modalidad de PPA, como las que ofrece Voltfer\u201d.<\/p>\n<p>Las grandes instalaciones ejecutadas por Voltfer en estas empresas del sector del mar, en su conjunto, implican una apuesta clara por la sostenibilidad en el sector, contribuyendo a la reducci\u00f3n de gases de efecto invernadero en unas m\u00e1s de 2.200 toneladas de CO2 cada a\u00f1o.<\/p>\n<p><strong>Sobre Voltfer<\/strong><\/p>\n<p>Voltfer es la divisi\u00f3n del Grupo Alvari\u00f1o especializada en soluciones en energ\u00edas renovables, con acreditada experiencia en instalaciones fotovoltaicas para empresas e industrias. Con m\u00e1s de 15 a\u00f1os de trayectoria en el sector y un equipo altamente cualificado, promueve y ejecuta instalaciones fotovoltaicas llave en mano, desde el dise\u00f1o inicial hasta la puesta en marcha de las mismas.<\/p>\n<p><strong>Sobre Grupo Pereira<\/strong><\/p>\n<p>El grupo Pereira est\u00e1 integrado verticalmente del mar a la mesa. Est\u00e1 presente en 7 pa\u00edses con m\u00e1s de 20 barcos que pescan en los principales caladeros del Oc\u00e9ano Atl\u00e1ntico. En tierra dispone de 5 plantas de elaboraci\u00f3n y cuenta con m\u00e1s de 1.000 colaboradores. Sus principales productos son el calamar, pulpo, merluza, rape, langostino y mejill\u00f3n.<\/p>\n<p>&nbsp;<\/p>","protected":false},"excerpt":{"rendered":"<p>Grandes congeladores, centros log\u00edsticos y de transformaci\u00f3n de productos del mar y conserveras dan un salto al autoconsumo fotovoltaico para reducir su dependencia energ\u00e9tica y protegerse frente a los vaivenes del mercado en los precios de la energ\u00eda \u00a0 El Grupo Pereira acaba de incorporar casi 1.300 m\u00f3dulos solares en sus frigor\u00edficos del Puerto de [&hellip;]<\/p>","protected":false},"author":4,"featured_media":422,"comment_status":"open","ping_status":"open","sticky":false,"template":"","format":"standard","meta":{"site-sidebar-layout":"default","site-content-layout":"","ast-site-content-layout":"default","site-content-style":"default","site-sidebar-style":"default","ast-global-header-display":"","ast-banner-title-visibility":"","ast-main-header-display":"","ast-hfb-above-header-display":"","ast-hfb-below-header-display":"","ast-hfb-mobile-header-display":"","site-post-title":"","ast-breadcrumbs-content":"","ast-featured-img":"","footer-sml-layout":"","theme-transparent-header-meta":"","adv-header-id-meta":"","stick-header-meta":"","header-above-stick-meta":"","header-main-stick-meta":"","header-below-stick-meta":"","astra-migrate-meta-layouts":"default","ast-page-background-enabled":"default","ast-page-background-meta":{"desktop":{"background-color":"","background-image":"","background-repeat":"repeat","background-position":"center center","background-size":"auto","background-attachment":"scroll","background-type":"","background-media":"","overlay-type":"","overlay-color":"","overlay-opacity":"","overlay-gradient":""},"tablet":{"background-color":"","background-image":"","background-repeat":"repeat","background-position":"center center","background-size":"auto","background-attachment":"scroll","background-type":"","background-media":"","overlay-type":"","overlay-color":"","overlay-opacity":"","overlay-gradient":""},"mobile":{"background-color":"","background-image":"","background-repeat":"repeat","background-position":"center center","background-size":"auto","background-attachment":"scroll","background-type":"","background-media":"","overlay-type":"","overlay-color":"","overlay-opacity":"","overlay-gradient":""}},"ast-content-background-meta":{"desktop":{"background-color":"var(--ast-global-color-5)","background-image":"","background-repeat":"repeat","background-position":"center center","background-size":"auto","background-attachment":"scroll","background-type":"","background-media":"","overlay-type":"","overlay-color":"","overlay-opacity":"","overlay-gradient":""},"tablet":{"background-color":"var(--ast-global-color-5)","background-image":"","background-repeat":"repeat","background-position":"center center","background-size":"auto","background-attachment":"scroll","background-type":"","background-media":"","overlay-type":"","overlay-color":"","overlay-opacity":"","overlay-gradient":""},"mobile":{"background-color":"var(--ast-global-color-5)","background-image":"","background-repeat":"repeat","background-position":"center center","background-size":"auto","background-attachment":"scroll","background-type":"","background-media":"","overlay-type":"","overlay-color":"","overlay-opacity":"","overlay-gradient":""}},"footnotes":""},"categories":[1],"tags":[5,29,30,27,28],"class_list":["post-419","post","type-post","status-publish","format-standard","has-post-thumbnail","hentry","category-noticias-energeticas-galicia","tag-fotovoltaica","tag-conserva","tag-grupo-pereira","tag-industria","tag-mar"],"yoast_head":"<!-- This site is optimized with the Yoast SEO plugin v25.4 - https:\/\/yoast.com\/wordpress\/plugins\/seo\/ -->\n<title>Voltfer instala m\u00e1s de 12.000 paneles solares en industrias del mar y conserveras del \u00e1rea de Vigo | Energ\u00eda Eficiente | Voltfer<\/title>\n<meta name=\"robots\" content=\"index, follow, max-snippet:-1, max-image-preview:large, max-video-preview:-1\" \/>\n<link rel=\"canonical\" href=\"https:\/\/www.voltfer.es\/en\/voltfer-instala-mas-12-000-paneles-solares-industrias-del-mar-conserveras-del-area-vigo\/\" \/>\n<meta property=\"og:locale\" content=\"en_US\" \/>\n<meta property=\"og:type\" content=\"article\" \/>\n<meta property=\"og:title\" content=\"Voltfer instala m\u00e1s de 12.000 paneles solares en industrias del mar y conserveras del \u00e1rea de Vigo | Energ\u00eda Eficiente | Voltfer\" \/>\n<meta property=\"og:description\" content=\"Grandes congeladores, centros log\u00edsticos y de transformaci\u00f3n de productos del mar y conserveras dan un salto al autoconsumo fotovoltaico para reducir su dependencia energ\u00e9tica y protegerse frente a los vaivenes del mercado en los precios de la energ\u00eda \u00a0 El Grupo Pereira acaba de incorporar casi 1.300 m\u00f3dulos solares en sus frigor\u00edficos del Puerto de [&hellip;]\" \/>\n<meta property=\"og:url\" content=\"https:\/\/www.voltfer.es\/en\/voltfer-instala-mas-12-000-paneles-solares-industrias-del-mar-conserveras-del-area-vigo\/\" \/>\n<meta property=\"og:site_name\" content=\"Energ\u00eda Eficiente | Voltfer\" \/>\n<meta property=\"article:published_time\" content=\"2023-08-03T08:55:30+00:00\" \/>\n<meta property=\"og:image\" content=\"https:\/\/www.voltfer.es\/wp-content\/uploads\/2023\/08\/Jos\u00e9-Manuel-Fern\u00e1ndez-Alvari\u00f1o-y-Jos\u00e9-Enrique-Pereira.jpg\" \/>\n\t<meta property=\"og:image:width\" content=\"2419\" \/>\n\t<meta property=\"og:image:height\" content=\"1090\" \/>\n\t<meta property=\"og:image:type\" content=\"image\/jpeg\" \/>\n<meta name=\"author\" content=\"Omayra\" \/>\n<meta name=\"twitter:card\" content=\"summary_large_image\" \/>\n<meta name=\"twitter:label1\" content=\"Written by\" \/>\n\t<meta name=\"twitter:data1\" content=\"Omayra\" \/>\n\t<meta name=\"twitter:label2\" content=\"Est. reading time\" \/>\n\t<meta name=\"twitter:data2\" content=\"4 minutes\" \/>\n<script type=\"application\/ld+json\" class=\"yoast-schema-graph\">{\"@context\":\"https:\/\/schema.org\",\"@graph\":[{\"@type\":\"Article\",\"@id\":\"https:\/\/www.voltfer.es\/en\/voltfer-instala-mas-12-000-paneles-solares-industrias-del-mar-conserveras-del-area-vigo\/#article\",\"isPartOf\":{\"@id\":\"https:\/\/www.voltfer.es\/en\/voltfer-instala-mas-12-000-paneles-solares-industrias-del-mar-conserveras-del-area-vigo\/\"},\"author\":{\"name\":\"Omayra\",\"@id\":\"http:\/\/www.voltfer.es\/#\/schema\/person\/08d703708869cc341d6fb36f222d6166\"},\"headline\":\"Voltfer instala m\u00e1s de 12.000 paneles solares en industrias del mar y conserveras del \u00e1rea de Vigo\",\"datePublished\":\"2023-08-03T08:55:30+00:00\",\"mainEntityOfPage\":{\"@id\":\"https:\/\/www.voltfer.es\/en\/voltfer-instala-mas-12-000-paneles-solares-industrias-del-mar-conserveras-del-area-vigo\/\"},\"wordCount\":812,\"commentCount\":0,\"publisher\":{\"@id\":\"http:\/\/www.voltfer.es\/#organization\"},\"image\":{\"@id\":\"https:\/\/www.voltfer.es\/en\/voltfer-instala-mas-12-000-paneles-solares-industrias-del-mar-conserveras-del-area-vigo\/#primaryimage\"},\"thumbnailUrl\":\"https:\/\/www.voltfer.es\/wp-content\/uploads\/2023\/08\/Jos\u00e9-Manuel-Fern\u00e1ndez-Alvari\u00f1o-y-Jos\u00e9-Enrique-Pereira.jpg\",\"keywords\":[\"#fotovoltaica\",\"conserva\",\"Grupo Pereira\",\"industria\",\"mar\"],\"articleSection\":[\"Noticias\"],\"inLanguage\":\"en-US\",\"potentialAction\":[{\"@type\":\"CommentAction\",\"name\":\"Comment\",\"target\":[\"https:\/\/www.voltfer.es\/en\/voltfer-instala-mas-12-000-paneles-solares-industrias-del-mar-conserveras-del-area-vigo\/#respond\"]}]},{\"@type\":\"WebPage\",\"@id\":\"https:\/\/www.voltfer.es\/en\/voltfer-instala-mas-12-000-paneles-solares-industrias-del-mar-conserveras-del-area-vigo\/\",\"url\":\"https:\/\/www.voltfer.es\/en\/voltfer-instala-mas-12-000-paneles-solares-industrias-del-mar-conserveras-del-area-vigo\/\",\"name\":\"Voltfer instala m\u00e1s de 12.000 paneles solares en industrias del mar y conserveras del \u00e1rea de Vigo | Energ\u00eda Eficiente | Voltfer\",\"isPartOf\":{\"@id\":\"http:\/\/www.voltfer.es\/#website\"},\"primaryImageOfPage\":{\"@id\":\"https:\/\/www.voltfer.es\/en\/voltfer-instala-mas-12-000-paneles-solares-industrias-del-mar-conserveras-del-area-vigo\/#primaryimage\"},\"image\":{\"@id\":\"https:\/\/www.voltfer.es\/en\/voltfer-instala-mas-12-000-paneles-solares-industrias-del-mar-conserveras-del-area-vigo\/#primaryimage\"},\"thumbnailUrl\":\"https:\/\/www.voltfer.es\/wp-content\/uploads\/2023\/08\/Jos\u00e9-Manuel-Fern\u00e1ndez-Alvari\u00f1o-y-Jos\u00e9-Enrique-Pereira.jpg\",\"datePublished\":\"2023-08-03T08:55:30+00:00\",\"breadcrumb\":{\"@id\":\"https:\/\/www.voltfer.es\/en\/voltfer-instala-mas-12-000-paneles-solares-industrias-del-mar-conserveras-del-area-vigo\/#breadcrumb\"},\"inLanguage\":\"en-US\",\"potentialAction\":[{\"@type\":\"ReadAction\",\"target\":[\"https:\/\/www.voltfer.es\/en\/voltfer-instala-mas-12-000-paneles-solares-industrias-del-mar-conserveras-del-area-vigo\/\"]}]},{\"@type\":\"ImageObject\",\"inLanguage\":\"en-US\",\"@id\":\"https:\/\/www.voltfer.es\/en\/voltfer-instala-mas-12-000-paneles-solares-industrias-del-mar-conserveras-del-area-vigo\/#primaryimage\",\"url\":\"https:\/\/www.voltfer.es\/wp-content\/uploads\/2023\/08\/Jos\u00e9-Manuel-Fern\u00e1ndez-Alvari\u00f1o-y-Jos\u00e9-Enrique-Pereira.jpg\",\"contentUrl\":\"https:\/\/www.voltfer.es\/wp-content\/uploads\/2023\/08\/Jos\u00e9-Manuel-Fern\u00e1ndez-Alvari\u00f1o-y-Jos\u00e9-Enrique-Pereira.jpg\",\"width\":2419,\"height\":1090},{\"@type\":\"BreadcrumbList\",\"@id\":\"https:\/\/www.voltfer.es\/en\/voltfer-instala-mas-12-000-paneles-solares-industrias-del-mar-conserveras-del-area-vigo\/#breadcrumb\",\"itemListElement\":[{\"@type\":\"ListItem\",\"position\":1,\"name\":\"Portada\",\"item\":\"http:\/\/www.voltfer.es\/\"},{\"@type\":\"ListItem\",\"position\":2,\"name\":\"Voltfer instala m\u00e1s de 12.000 paneles solares en industrias del mar y conserveras del \u00e1rea de Vigo\"}]},{\"@type\":\"WebSite\",\"@id\":\"http:\/\/www.voltfer.es\/#website\",\"url\":\"http:\/\/www.voltfer.es\/\",\"name\":\"Energ\u00eda Eficiente | Voltfer\",\"description\":\"Keeping you Cool, in Every Step\",\"publisher\":{\"@id\":\"http:\/\/www.voltfer.es\/#organization\"},\"potentialAction\":[{\"@type\":\"SearchAction\",\"target\":{\"@type\":\"EntryPoint\",\"urlTemplate\":\"http:\/\/www.voltfer.es\/?s={search_term_string}\"},\"query-input\":{\"@type\":\"PropertyValueSpecification\",\"valueRequired\":true,\"valueName\":\"search_term_string\"}}],\"inLanguage\":\"en-US\"},{\"@type\":\"Organization\",\"@id\":\"http:\/\/www.voltfer.es\/#organization\",\"name\":\"Voltfer\",\"url\":\"http:\/\/www.voltfer.es\/\",\"logo\":{\"@type\":\"ImageObject\",\"inLanguage\":\"en-US\",\"@id\":\"http:\/\/www.voltfer.es\/#\/schema\/logo\/image\/\",\"url\":\"https:\/\/www.voltfer.es\/wp-content\/uploads\/2017\/04\/Voltferlogo.png\",\"contentUrl\":\"https:\/\/www.voltfer.es\/wp-content\/uploads\/2017\/04\/Voltferlogo.png\",\"width\":500,\"height\":185,\"caption\":\"Voltfer\"},\"image\":{\"@id\":\"http:\/\/www.voltfer.es\/#\/schema\/logo\/image\/\"}},{\"@type\":\"Person\",\"@id\":\"http:\/\/www.voltfer.es\/#\/schema\/person\/08d703708869cc341d6fb36f222d6166\",\"name\":\"Omayra\",\"image\":{\"@type\":\"ImageObject\",\"inLanguage\":\"en-US\",\"@id\":\"http:\/\/www.voltfer.es\/#\/schema\/person\/image\/\",\"url\":\"https:\/\/secure.gravatar.com\/avatar\/671f4f057dc690f2b10440184209e8f2?s=96&d=mm&r=g\",\"contentUrl\":\"https:\/\/secure.gravatar.com\/avatar\/671f4f057dc690f2b10440184209e8f2?s=96&d=mm&r=g\",\"caption\":\"Omayra\"},\"url\":\"https:\/\/www.voltfer.es\/en\/author\/omayra\/\"}]}<\/script>\n<!-- \/ Yoast SEO plugin. -->","yoast_head_json":{"title":"Voltfer instala m\u00e1s de 12.000 paneles solares en industrias del mar y conserveras del \u00e1rea de Vigo | Energ\u00eda Eficiente | Voltfer","robots":{"index":"index","follow":"follow","max-snippet":"max-snippet:-1","max-image-preview":"max-image-preview:large","max-video-preview":"max-video-preview:-1"},"canonical":"https:\/\/www.voltfer.es\/en\/voltfer-instala-mas-12-000-paneles-solares-industrias-del-mar-conserveras-del-area-vigo\/","og_locale":"en_US","og_type":"article","og_title":"Voltfer instala m\u00e1s de 12.000 paneles solares en industrias del mar y conserveras del \u00e1rea de Vigo | Energ\u00eda Eficiente | Voltfer","og_description":"Grandes congeladores, centros log\u00edsticos y de transformaci\u00f3n de productos del mar y conserveras dan un salto al autoconsumo fotovoltaico para reducir su dependencia energ\u00e9tica y protegerse frente a los vaivenes del mercado en los precios de la energ\u00eda \u00a0 El Grupo Pereira acaba de incorporar casi 1.300 m\u00f3dulos solares en sus frigor\u00edficos del Puerto de [&hellip;]","og_url":"https:\/\/www.voltfer.es\/en\/voltfer-instala-mas-12-000-paneles-solares-industrias-del-mar-conserveras-del-area-vigo\/","og_site_name":"Energ\u00eda Eficiente | Voltfer","article_published_time":"2023-08-03T08:55:30+00:00","og_image":[{"width":2419,"height":1090,"url":"https:\/\/www.voltfer.es\/wp-content\/uploads\/2023\/08\/Jos\u00e9-Manuel-Fern\u00e1ndez-Alvari\u00f1o-y-Jos\u00e9-Enrique-Pereira.jpg","type":"image\/jpeg"}],"author":"Omayra","twitter_card":"summary_large_image","twitter_misc":{"Written by":"Omayra","Est. reading time":"4 minutes"},"schema":{"@context":"https:\/\/schema.org","@graph":[{"@type":"Article","@id":"https:\/\/www.voltfer.es\/en\/voltfer-instala-mas-12-000-paneles-solares-industrias-del-mar-conserveras-del-area-vigo\/#article","isPartOf":{"@id":"https:\/\/www.voltfer.es\/en\/voltfer-instala-mas-12-000-paneles-solares-industrias-del-mar-conserveras-del-area-vigo\/"},"author":{"name":"Omayra","@id":"http:\/\/www.voltfer.es\/#\/schema\/person\/08d703708869cc341d6fb36f222d6166"},"headline":"Voltfer instala m\u00e1s de 12.000 paneles solares en industrias del mar y conserveras del \u00e1rea de Vigo","datePublished":"2023-08-03T08:55:30+00:00","mainEntityOfPage":{"@id":"https:\/\/www.voltfer.es\/en\/voltfer-instala-mas-12-000-paneles-solares-industrias-del-mar-conserveras-del-area-vigo\/"},"wordCount":812,"commentCount":0,"publisher":{"@id":"http:\/\/www.voltfer.es\/#organization"},"image":{"@id":"https:\/\/www.voltfer.es\/en\/voltfer-instala-mas-12-000-paneles-solares-industrias-del-mar-conserveras-del-area-vigo\/#primaryimage"},"thumbnailUrl":"https:\/\/www.voltfer.es\/wp-content\/uploads\/2023\/08\/Jos\u00e9-Manuel-Fern\u00e1ndez-Alvari\u00f1o-y-Jos\u00e9-Enrique-Pereira.jpg","keywords":["#fotovoltaica","conserva","Grupo Pereira","industria","mar"],"articleSection":["Noticias"],"inLanguage":"en-US","potentialAction":[{"@type":"CommentAction","name":"Comment","target":["https:\/\/www.voltfer.es\/en\/voltfer-instala-mas-12-000-paneles-solares-industrias-del-mar-conserveras-del-area-vigo\/#respond"]}]},{"@type":"WebPage","@id":"https:\/\/www.voltfer.es\/en\/voltfer-instala-mas-12-000-paneles-solares-industrias-del-mar-conserveras-del-area-vigo\/","url":"https:\/\/www.voltfer.es\/en\/voltfer-instala-mas-12-000-paneles-solares-industrias-del-mar-conserveras-del-area-vigo\/","name":"Voltfer instala m\u00e1s de 12.000 paneles solares en industrias del mar y conserveras del \u00e1rea de Vigo | Energ\u00eda Eficiente | Voltfer","isPartOf":{"@id":"http:\/\/www.voltfer.es\/#website"},"primaryImageOfPage":{"@id":"https:\/\/www.voltfer.es\/en\/voltfer-instala-mas-12-000-paneles-solares-industrias-del-mar-conserveras-del-area-vigo\/#primaryimage"},"image":{"@id":"https:\/\/www.voltfer.es\/en\/voltfer-instala-mas-12-000-paneles-solares-industrias-del-mar-conserveras-del-area-vigo\/#primaryimage"},"thumbnailUrl":"https:\/\/www.voltfer.es\/wp-content\/uploads\/2023\/08\/Jos\u00e9-Manuel-Fern\u00e1ndez-Alvari\u00f1o-y-Jos\u00e9-Enrique-Pereira.jpg","datePublished":"2023-08-03T08:55:30+00:00","breadcrumb":{"@id":"https:\/\/www.voltfer.es\/en\/voltfer-instala-mas-12-000-paneles-solares-industrias-del-mar-conserveras-del-area-vigo\/#breadcrumb"},"inLanguage":"en-US","potentialAction":[{"@type":"ReadAction","target":["https:\/\/www.voltfer.es\/en\/voltfer-instala-mas-12-000-paneles-solares-industrias-del-mar-conserveras-del-area-vigo\/"]}]},{"@type":"ImageObject","inLanguage":"en-US","@id":"https:\/\/www.voltfer.es\/en\/voltfer-instala-mas-12-000-paneles-solares-industrias-del-mar-conserveras-del-area-vigo\/#primaryimage","url":"https:\/\/www.voltfer.es\/wp-content\/uploads\/2023\/08\/Jos\u00e9-Manuel-Fern\u00e1ndez-Alvari\u00f1o-y-Jos\u00e9-Enrique-Pereira.jpg","contentUrl":"https:\/\/www.voltfer.es\/wp-content\/uploads\/2023\/08\/Jos\u00e9-Manuel-Fern\u00e1ndez-Alvari\u00f1o-y-Jos\u00e9-Enrique-Pereira.jpg","width":2419,"height":1090},{"@type":"BreadcrumbList","@id":"https:\/\/www.voltfer.es\/en\/voltfer-instala-mas-12-000-paneles-solares-industrias-del-mar-conserveras-del-area-vigo\/#breadcrumb","itemListElement":[{"@type":"ListItem","position":1,"name":"Portada","item":"http:\/\/www.voltfer.es\/"},{"@type":"ListItem","position":2,"name":"Voltfer instala m\u00e1s de 12.000 paneles solares en industrias del mar y conserveras del \u00e1rea de Vigo"}]},{"@type":"WebSite","@id":"http:\/\/www.voltfer.es\/#website","url":"http:\/\/www.voltfer.es\/","name":"Energ\u00eda Eficiente | Voltfer","description":"Keeping you Cool, in Every Step","publisher":{"@id":"http:\/\/www.voltfer.es\/#organization"},"potentialAction":[{"@type":"SearchAction","target":{"@type":"EntryPoint","urlTemplate":"http:\/\/www.voltfer.es\/?s={search_term_string}"},"query-input":{"@type":"PropertyValueSpecification","valueRequired":true,"valueName":"search_term_string"}}],"inLanguage":"en-US"},{"@type":"Organization","@id":"http:\/\/www.voltfer.es\/#organization","name":"Voltfer","url":"http:\/\/www.voltfer.es\/","logo":{"@type":"ImageObject","inLanguage":"en-US","@id":"http:\/\/www.voltfer.es\/#\/schema\/logo\/image\/","url":"https:\/\/www.voltfer.es\/wp-content\/uploads\/2017\/04\/Voltferlogo.png","contentUrl":"https:\/\/www.voltfer.es\/wp-content\/uploads\/2017\/04\/Voltferlogo.png","width":500,"height":185,"caption":"Voltfer"},"image":{"@id":"http:\/\/www.voltfer.es\/#\/schema\/logo\/image\/"}},{"@type":"Person","@id":"http:\/\/www.voltfer.es\/#\/schema\/person\/08d703708869cc341d6fb36f222d6166","name":"Omayra","image":{"@type":"ImageObject","inLanguage":"en-US","@id":"http:\/\/www.voltfer.es\/#\/schema\/person\/image\/","url":"https:\/\/secure.gravatar.com\/avatar\/671f4f057dc690f2b10440184209e8f2?s=96&d=mm&r=g","contentUrl":"https:\/\/secure.gravatar.com\/avatar\/671f4f057dc690f2b10440184209e8f2?s=96&d=mm&r=g","caption":"Omayra"},"url":"https:\/\/www.voltfer.es\/en\/author\/omayra\/"}]}},"_links":{"self":[{"href":"https:\/\/www.voltfer.es\/en\/wp-json\/wp\/v2\/posts\/419","targetHints":{"allow":["GET"]}}],"collection":[{"href":"https:\/\/www.voltfer.es\/en\/wp-json\/wp\/v2\/posts"}],"about":[{"href":"https:\/\/www.voltfer.es\/en\/wp-json\/wp\/v2\/types\/post"}],"author":[{"embeddable":true,"href":"https:\/\/www.voltfer.es\/en\/wp-json\/wp\/v2\/users\/4"}],"replies":[{"embeddable":true,"href":"https:\/\/www.voltfer.es\/en\/wp-json\/wp\/v2\/comments?post=419"}],"version-history":[{"count":1,"href":"https:\/\/www.voltfer.es\/en\/wp-json\/wp\/v2\/posts\/419\/revisions"}],"predecessor-version":[{"id":423,"href":"https:\/\/www.voltfer.es\/en\/wp-json\/wp\/v2\/posts\/419\/revisions\/423"}],"wp:featuredmedia":[{"embeddable":true,"href":"https:\/\/www.voltfer.es\/en\/wp-json\/wp\/v2\/media\/422"}],"wp:attachment":[{"href":"https:\/\/www.voltfer.es\/en\/wp-json\/wp\/v2\/media?parent=419"}],"wp:term":[{"taxonomy":"category","embeddable":true,"href":"https:\/\/www.voltfer.es\/en\/wp-json\/wp\/v2\/categories?post=419"},{"taxonomy":"post_tag","embeddable":true,"href":"https:\/\/www.voltfer.es\/en\/wp-json\/wp\/v2\/tags?post=419"}],"curies":[{"name":"wp","href":"https:\/\/api.w.org\/{rel}","templated":true}]}}