{"id":382,"date":"2022-07-04T10:59:35","date_gmt":"2022-07-04T09:59:35","guid":{"rendered":"http:\/\/www.voltfer.es\/?p=382"},"modified":"2022-07-15T10:10:51","modified_gmt":"2022-07-15T09:10:51","slug":"cafes-candelas-apuesta-la-energia-fotovoltaica-la-mano-voltfer","status":"publish","type":"post","link":"https:\/\/www.voltfer.es\/en\/cafes-candelas-apuesta-la-energia-fotovoltaica-la-mano-voltfer\/","title":{"rendered":"Caf\u00e9s Candelas conf\u00eda en Voltfer para dar el salto a la energ\u00eda fotovoltaica"},"content":{"rendered":"<ul>\n<li><strong>La instalaci\u00f3n ya aporta el 20% de la energ\u00eda que consume el complejo industrial de la empresa cafetera en el Pol\u00edgono de O Ceao (Lugo)<\/strong><\/li>\n<li><strong>Voltfer, firma del Grupo Alvari\u00f1o especializada en soluciones de energ\u00edas renovables, ha instalado la planta fotovoltaica con 222 paneles solares y 100 kW de potencia, que permite generar 115.000 kWh <\/strong><\/li>\n<li><strong>Con esta fotovoltaica, Caf\u00e9s Candelas contribuir\u00e1 a una reducci\u00f3n en la emisi\u00f3n de gases efecto invernadero de m\u00e1s de 38.360 toneladas de CO2 al a\u00f1o<\/strong><\/li>\n<li><strong>El sector alimentario gallego est\u00e1 apostando por las renovables en el marco de un consenso empresarial cada vez mayor hacia los modelos sostenibles y ante la subida exponencial de los costes energ\u00e9ticos<\/strong><\/li>\n<li style=\"list-style-type: none;\"><strong>Lugo, 4 de julio de 2022.-<\/strong> Caf\u00e9s Candelas, la hist\u00f3rica firma cafetera lucense, ha dado un paso decidido en el camino hacia la transici\u00f3n energ\u00e9tica a las renovables con la instalaci\u00f3n de una planta fotovoltaica en su complejo industrial del Pol\u00edgono de O Ceao (Lugo). La compa\u00f1\u00eda, l\u00edder como torrefactora y proveedora de caf\u00e9 en el sector de la hosteler\u00eda y una de las marcas de referencia del sector alimentario gallego, ha confiado en Voltfer, divisi\u00f3n del Grupo Alvari\u00f1o especializada en energ\u00edas renovables, para el dise\u00f1o y la instalaci\u00f3n de una fotovoltaica de autoconsumo que permite cubrir ya el 20% de la demanda energ\u00e9tica de esta planta de procesado de caf\u00e9, con un elevado consumo el\u00e9ctrico.En total, la instalaci\u00f3n suma 222 paneles solares SolarWatt e inversores SMA que aportan 100kW de potencia y generan 115.000kWh. Se trata de una clara apuesta de la firma familiar lucense por la sostenibilidad, que permite a la reducci\u00f3n de su huella de carbono, evitando la emisi\u00f3n de m\u00e1s de 38 toneladas de CO2 al a\u00f1o.Para Caf\u00e9s Candelas se trata de una inversi\u00f3n doblemente clave: por un lado para mitigar el impacto del crecimiento exponencial de los precios el\u00e9ctricos en sus resultados y, por otro, como un avance m\u00e1s en su estrategia de desarrollo sostenible, un modelo que la compa\u00f1\u00eda ya cuida en todo su proceso productivo, desde la planta hasta la taza.<strong>El sector alimentario, hacia la autogeneraci\u00f3n con fotovoltaica<\/strong>\n<p>El sector agroalimentario gallego est\u00e1 confiando de manera decidida por el autoconsumo fotovoltaico como principal aliado para reducir su dependencia energ\u00e9tica y mitigar el impacto de la subida de los precios de la electricidad. Se trata de una apuesta por la sostenibilidad, abordando la transici\u00f3n energ\u00e9tica de la mano de una fuente de energ\u00eda renovable y no contaminante, la energ\u00eda solar fotovoltaica, que adem\u00e1s permite grandes ahorros desde el primer momento y una amortizaci\u00f3n a corto plazo de las inversiones realizadas, m\u00e1xime en el contexto de crecimiento exponencial del coste de la luz.<\/p>\n<p>\u201cSe trata de empresas cuya actividad implica una elevada demanda de energ\u00eda, para las que la escalada de la luz tiene un impacto crucial en los resultados\u201d, explica Jos\u00e9 Mar\u00eda Fari\u00f1a, director t\u00e9cnico de Voltfer. Por ello, \u201cuna instalaci\u00f3n de este tipo es un elemento decisivo para la competitividad, permitiendo ahorros important\u00edsimos en electricidad\u201d.<\/p>\n<p><strong>Sobre Caf\u00e9s Candelas<\/strong><\/p>\n<p>Caf\u00e9s Candelas es una empresa familiar con m\u00e1s de 40 a\u00f1os de experiencia en el sector del caf\u00e9. Un ejemplo de crecimiento progresivo y sostenible, evolucionando de peque\u00f1a empresa familiar a compa\u00f1\u00eda con implantaci\u00f3n internacional en la distribuci\u00f3n alimentaria y hostelera. Una compa\u00f1\u00eda l\u00edder como torrefactora y proveedora de caf\u00e9 en el sector de la hosteler\u00eda. Una marca fuerte, positiva y reconocida, vinculada a la tradici\u00f3n y a las buenas experiencias en el mundo del caf\u00e9.<\/li>\n<\/ul>","protected":false},"excerpt":{"rendered":"<p>La instalaci\u00f3n ya aporta el 20% de la energ\u00eda que consume el complejo industrial de la empresa cafetera en el Pol\u00edgono de O Ceao (Lugo) Voltfer, firma del Grupo Alvari\u00f1o especializada en soluciones de energ\u00edas renovables, ha instalado la planta fotovoltaica con 222 paneles solares y 100 kW de potencia, que permite generar 115.000 kWh [&hellip;]<\/p>","protected":false},"author":4,"featured_media":383,"comment_status":"open","ping_status":"open","sticky":false,"template":"","format":"standard","meta":{"site-sidebar-layout":"default","site-content-layout":"","ast-site-content-layout":"default","site-content-style":"default","site-sidebar-style":"default","ast-global-header-display":"","ast-banner-title-visibility":"","ast-main-header-display":"","ast-hfb-above-header-display":"","ast-hfb-below-header-display":"","ast-hfb-mobile-header-display":"","site-post-title":"","ast-breadcrumbs-content":"","ast-featured-img":"","footer-sml-layout":"","theme-transparent-header-meta":"","adv-header-id-meta":"","stick-header-meta":"","header-above-stick-meta":"","header-main-stick-meta":"","header-below-stick-meta":"","astra-migrate-meta-layouts":"default","ast-page-background-enabled":"default","ast-page-background-meta":{"desktop":{"background-color":"","background-image":"","background-repeat":"repeat","background-position":"center center","background-size":"auto","background-attachment":"scroll","background-type":"","background-media":"","overlay-type":"","overlay-color":"","overlay-opacity":"","overlay-gradient":""},"tablet":{"background-color":"","background-image":"","background-repeat":"repeat","background-position":"center center","background-size":"auto","background-attachment":"scroll","background-type":"","background-media":"","overlay-type":"","overlay-color":"","overlay-opacity":"","overlay-gradient":""},"mobile":{"background-color":"","background-image":"","background-repeat":"repeat","background-position":"center center","background-size":"auto","background-attachment":"scroll","background-type":"","background-media":"","overlay-type":"","overlay-color":"","overlay-opacity":"","overlay-gradient":""}},"ast-content-background-meta":{"desktop":{"background-color":"var(--ast-global-color-5)","background-image":"","background-repeat":"repeat","background-position":"center center","background-size":"auto","background-attachment":"scroll","background-type":"","background-media":"","overlay-type":"","overlay-color":"","overlay-opacity":"","overlay-gradient":""},"tablet":{"background-color":"var(--ast-global-color-5)","background-image":"","background-repeat":"repeat","background-position":"center center","background-size":"auto","background-attachment":"scroll","background-type":"","background-media":"","overlay-type":"","overlay-color":"","overlay-opacity":"","overlay-gradient":""},"mobile":{"background-color":"var(--ast-global-color-5)","background-image":"","background-repeat":"repeat","background-position":"center center","background-size":"auto","background-attachment":"scroll","background-type":"","background-media":"","overlay-type":"","overlay-color":"","overlay-opacity":"","overlay-gradient":""}},"footnotes":""},"categories":[1],"tags":[6,5,7,18,14],"class_list":["post-382","post","type-post","status-publish","format-standard","has-post-thumbnail","hentry","category-noticias-energeticas-galicia","tag-energias-renovables","tag-fotovoltaica","tag-sostenibilidad","tag-empresas","tag-transicion-energetica"],"yoast_head":"<!-- This site is optimized with the Yoast SEO plugin v25.4 - https:\/\/yoast.com\/wordpress\/plugins\/seo\/ -->\n<title>Caf\u00e9s Candelas conf\u00eda en Voltfer para dar el salto a la energ\u00eda fotovoltaica | Energ\u00eda Eficiente | Voltfer<\/title>\n<meta name=\"robots\" content=\"index, follow, max-snippet:-1, max-image-preview:large, max-video-preview:-1\" \/>\n<link rel=\"canonical\" href=\"https:\/\/www.voltfer.es\/en\/cafes-candelas-apuesta-la-energia-fotovoltaica-la-mano-voltfer\/\" \/>\n<meta property=\"og:locale\" content=\"en_US\" \/>\n<meta property=\"og:type\" content=\"article\" \/>\n<meta property=\"og:title\" content=\"Caf\u00e9s Candelas conf\u00eda en Voltfer para dar el salto a la energ\u00eda fotovoltaica | Energ\u00eda Eficiente | Voltfer\" \/>\n<meta property=\"og:description\" content=\"La instalaci\u00f3n ya aporta el 20% de la energ\u00eda que consume el complejo industrial de la empresa cafetera en el Pol\u00edgono de O Ceao (Lugo) Voltfer, firma del Grupo Alvari\u00f1o especializada en soluciones de energ\u00edas renovables, ha instalado la planta fotovoltaica con 222 paneles solares y 100 kW de potencia, que permite generar 115.000 kWh [&hellip;]\" \/>\n<meta property=\"og:url\" content=\"https:\/\/www.voltfer.es\/en\/cafes-candelas-apuesta-la-energia-fotovoltaica-la-mano-voltfer\/\" \/>\n<meta property=\"og:site_name\" content=\"Energ\u00eda Eficiente | Voltfer\" \/>\n<meta property=\"article:published_time\" content=\"2022-07-04T09:59:35+00:00\" \/>\n<meta property=\"article:modified_time\" content=\"2022-07-15T09:10:51+00:00\" \/>\n<meta property=\"og:image\" content=\"https:\/\/www.voltfer.es\/wp-content\/uploads\/2022\/07\/foto-2-1024x595.jpg\" \/>\n\t<meta property=\"og:image:width\" content=\"1024\" \/>\n\t<meta property=\"og:image:height\" content=\"595\" \/>\n\t<meta property=\"og:image:type\" content=\"image\/jpeg\" \/>\n<meta name=\"author\" content=\"Omayra\" \/>\n<meta name=\"twitter:card\" content=\"summary_large_image\" \/>\n<meta name=\"twitter:label1\" content=\"Written by\" \/>\n\t<meta name=\"twitter:data1\" content=\"Omayra\" \/>\n\t<meta name=\"twitter:label2\" content=\"Est. reading time\" \/>\n\t<meta name=\"twitter:data2\" content=\"3 minutes\" \/>\n<script type=\"application\/ld+json\" class=\"yoast-schema-graph\">{\"@context\":\"https:\/\/schema.org\",\"@graph\":[{\"@type\":\"Article\",\"@id\":\"https:\/\/www.voltfer.es\/en\/cafes-candelas-apuesta-la-energia-fotovoltaica-la-mano-voltfer\/#article\",\"isPartOf\":{\"@id\":\"https:\/\/www.voltfer.es\/en\/cafes-candelas-apuesta-la-energia-fotovoltaica-la-mano-voltfer\/\"},\"author\":{\"name\":\"Omayra\",\"@id\":\"http:\/\/www.voltfer.es\/#\/schema\/person\/08d703708869cc341d6fb36f222d6166\"},\"headline\":\"Caf\u00e9s Candelas conf\u00eda en Voltfer para dar el salto a la energ\u00eda fotovoltaica\",\"datePublished\":\"2022-07-04T09:59:35+00:00\",\"dateModified\":\"2022-07-15T09:10:51+00:00\",\"mainEntityOfPage\":{\"@id\":\"https:\/\/www.voltfer.es\/en\/cafes-candelas-apuesta-la-energia-fotovoltaica-la-mano-voltfer\/\"},\"wordCount\":646,\"commentCount\":0,\"publisher\":{\"@id\":\"http:\/\/www.voltfer.es\/#organization\"},\"image\":{\"@id\":\"https:\/\/www.voltfer.es\/en\/cafes-candelas-apuesta-la-energia-fotovoltaica-la-mano-voltfer\/#primaryimage\"},\"thumbnailUrl\":\"https:\/\/www.voltfer.es\/wp-content\/uploads\/2022\/07\/foto-2.jpg\",\"keywords\":[\"#energ\u00edas renovables\",\"#fotovoltaica\",\"#sostenibilidad\",\"empresas\",\"transici\u00f3n energ\u00e9tica\"],\"articleSection\":[\"Noticias\"],\"inLanguage\":\"en-US\",\"potentialAction\":[{\"@type\":\"CommentAction\",\"name\":\"Comment\",\"target\":[\"https:\/\/www.voltfer.es\/en\/cafes-candelas-apuesta-la-energia-fotovoltaica-la-mano-voltfer\/#respond\"]}]},{\"@type\":\"WebPage\",\"@id\":\"https:\/\/www.voltfer.es\/en\/cafes-candelas-apuesta-la-energia-fotovoltaica-la-mano-voltfer\/\",\"url\":\"https:\/\/www.voltfer.es\/en\/cafes-candelas-apuesta-la-energia-fotovoltaica-la-mano-voltfer\/\",\"name\":\"Caf\u00e9s Candelas conf\u00eda en Voltfer para dar el salto a la energ\u00eda fotovoltaica | Energ\u00eda Eficiente | Voltfer\",\"isPartOf\":{\"@id\":\"http:\/\/www.voltfer.es\/#website\"},\"primaryImageOfPage\":{\"@id\":\"https:\/\/www.voltfer.es\/en\/cafes-candelas-apuesta-la-energia-fotovoltaica-la-mano-voltfer\/#primaryimage\"},\"image\":{\"@id\":\"https:\/\/www.voltfer.es\/en\/cafes-candelas-apuesta-la-energia-fotovoltaica-la-mano-voltfer\/#primaryimage\"},\"thumbnailUrl\":\"https:\/\/www.voltfer.es\/wp-content\/uploads\/2022\/07\/foto-2.jpg\",\"datePublished\":\"2022-07-04T09:59:35+00:00\",\"dateModified\":\"2022-07-15T09:10:51+00:00\",\"breadcrumb\":{\"@id\":\"https:\/\/www.voltfer.es\/en\/cafes-candelas-apuesta-la-energia-fotovoltaica-la-mano-voltfer\/#breadcrumb\"},\"inLanguage\":\"en-US\",\"potentialAction\":[{\"@type\":\"ReadAction\",\"target\":[\"https:\/\/www.voltfer.es\/en\/cafes-candelas-apuesta-la-energia-fotovoltaica-la-mano-voltfer\/\"]}]},{\"@type\":\"ImageObject\",\"inLanguage\":\"en-US\",\"@id\":\"https:\/\/www.voltfer.es\/en\/cafes-candelas-apuesta-la-energia-fotovoltaica-la-mano-voltfer\/#primaryimage\",\"url\":\"https:\/\/www.voltfer.es\/wp-content\/uploads\/2022\/07\/foto-2.jpg\",\"contentUrl\":\"https:\/\/www.voltfer.es\/wp-content\/uploads\/2022\/07\/foto-2.jpg\",\"width\":4592,\"height\":2668},{\"@type\":\"BreadcrumbList\",\"@id\":\"https:\/\/www.voltfer.es\/en\/cafes-candelas-apuesta-la-energia-fotovoltaica-la-mano-voltfer\/#breadcrumb\",\"itemListElement\":[{\"@type\":\"ListItem\",\"position\":1,\"name\":\"Portada\",\"item\":\"http:\/\/www.voltfer.es\/\"},{\"@type\":\"ListItem\",\"position\":2,\"name\":\"Caf\u00e9s Candelas conf\u00eda en Voltfer para dar el salto a la energ\u00eda fotovoltaica\"}]},{\"@type\":\"WebSite\",\"@id\":\"http:\/\/www.voltfer.es\/#website\",\"url\":\"http:\/\/www.voltfer.es\/\",\"name\":\"Energ\u00eda Eficiente | Voltfer\",\"description\":\"Keeping you Cool, in Every Step\",\"publisher\":{\"@id\":\"http:\/\/www.voltfer.es\/#organization\"},\"potentialAction\":[{\"@type\":\"SearchAction\",\"target\":{\"@type\":\"EntryPoint\",\"urlTemplate\":\"http:\/\/www.voltfer.es\/?s={search_term_string}\"},\"query-input\":{\"@type\":\"PropertyValueSpecification\",\"valueRequired\":true,\"valueName\":\"search_term_string\"}}],\"inLanguage\":\"en-US\"},{\"@type\":\"Organization\",\"@id\":\"http:\/\/www.voltfer.es\/#organization\",\"name\":\"Voltfer\",\"url\":\"http:\/\/www.voltfer.es\/\",\"logo\":{\"@type\":\"ImageObject\",\"inLanguage\":\"en-US\",\"@id\":\"http:\/\/www.voltfer.es\/#\/schema\/logo\/image\/\",\"url\":\"https:\/\/www.voltfer.es\/wp-content\/uploads\/2017\/04\/Voltferlogo.png\",\"contentUrl\":\"https:\/\/www.voltfer.es\/wp-content\/uploads\/2017\/04\/Voltferlogo.png\",\"width\":500,\"height\":185,\"caption\":\"Voltfer\"},\"image\":{\"@id\":\"http:\/\/www.voltfer.es\/#\/schema\/logo\/image\/\"}},{\"@type\":\"Person\",\"@id\":\"http:\/\/www.voltfer.es\/#\/schema\/person\/08d703708869cc341d6fb36f222d6166\",\"name\":\"Omayra\",\"image\":{\"@type\":\"ImageObject\",\"inLanguage\":\"en-US\",\"@id\":\"http:\/\/www.voltfer.es\/#\/schema\/person\/image\/\",\"url\":\"https:\/\/secure.gravatar.com\/avatar\/671f4f057dc690f2b10440184209e8f2?s=96&d=mm&r=g\",\"contentUrl\":\"https:\/\/secure.gravatar.com\/avatar\/671f4f057dc690f2b10440184209e8f2?s=96&d=mm&r=g\",\"caption\":\"Omayra\"},\"url\":\"https:\/\/www.voltfer.es\/en\/author\/omayra\/\"}]}<\/script>\n<!-- \/ Yoast SEO plugin. -->","yoast_head_json":{"title":"Caf\u00e9s Candelas conf\u00eda en Voltfer para dar el salto a la energ\u00eda fotovoltaica | Energ\u00eda Eficiente | Voltfer","robots":{"index":"index","follow":"follow","max-snippet":"max-snippet:-1","max-image-preview":"max-image-preview:large","max-video-preview":"max-video-preview:-1"},"canonical":"https:\/\/www.voltfer.es\/en\/cafes-candelas-apuesta-la-energia-fotovoltaica-la-mano-voltfer\/","og_locale":"en_US","og_type":"article","og_title":"Caf\u00e9s Candelas conf\u00eda en Voltfer para dar el salto a la energ\u00eda fotovoltaica | Energ\u00eda Eficiente | Voltfer","og_description":"La instalaci\u00f3n ya aporta el 20% de la energ\u00eda que consume el complejo industrial de la empresa cafetera en el Pol\u00edgono de O Ceao (Lugo) Voltfer, firma del Grupo Alvari\u00f1o especializada en soluciones de energ\u00edas renovables, ha instalado la planta fotovoltaica con 222 paneles solares y 100 kW de potencia, que permite generar 115.000 kWh [&hellip;]","og_url":"https:\/\/www.voltfer.es\/en\/cafes-candelas-apuesta-la-energia-fotovoltaica-la-mano-voltfer\/","og_site_name":"Energ\u00eda Eficiente | Voltfer","article_published_time":"2022-07-04T09:59:35+00:00","article_modified_time":"2022-07-15T09:10:51+00:00","og_image":[{"width":1024,"height":595,"url":"https:\/\/www.voltfer.es\/wp-content\/uploads\/2022\/07\/foto-2-1024x595.jpg","type":"image\/jpeg"}],"author":"Omayra","twitter_card":"summary_large_image","twitter_misc":{"Written by":"Omayra","Est. reading time":"3 minutes"},"schema":{"@context":"https:\/\/schema.org","@graph":[{"@type":"Article","@id":"https:\/\/www.voltfer.es\/en\/cafes-candelas-apuesta-la-energia-fotovoltaica-la-mano-voltfer\/#article","isPartOf":{"@id":"https:\/\/www.voltfer.es\/en\/cafes-candelas-apuesta-la-energia-fotovoltaica-la-mano-voltfer\/"},"author":{"name":"Omayra","@id":"http:\/\/www.voltfer.es\/#\/schema\/person\/08d703708869cc341d6fb36f222d6166"},"headline":"Caf\u00e9s Candelas conf\u00eda en Voltfer para dar el salto a la energ\u00eda fotovoltaica","datePublished":"2022-07-04T09:59:35+00:00","dateModified":"2022-07-15T09:10:51+00:00","mainEntityOfPage":{"@id":"https:\/\/www.voltfer.es\/en\/cafes-candelas-apuesta-la-energia-fotovoltaica-la-mano-voltfer\/"},"wordCount":646,"commentCount":0,"publisher":{"@id":"http:\/\/www.voltfer.es\/#organization"},"image":{"@id":"https:\/\/www.voltfer.es\/en\/cafes-candelas-apuesta-la-energia-fotovoltaica-la-mano-voltfer\/#primaryimage"},"thumbnailUrl":"https:\/\/www.voltfer.es\/wp-content\/uploads\/2022\/07\/foto-2.jpg","keywords":["#energ\u00edas renovables","#fotovoltaica","#sostenibilidad","empresas","transici\u00f3n energ\u00e9tica"],"articleSection":["Noticias"],"inLanguage":"en-US","potentialAction":[{"@type":"CommentAction","name":"Comment","target":["https:\/\/www.voltfer.es\/en\/cafes-candelas-apuesta-la-energia-fotovoltaica-la-mano-voltfer\/#respond"]}]},{"@type":"WebPage","@id":"https:\/\/www.voltfer.es\/en\/cafes-candelas-apuesta-la-energia-fotovoltaica-la-mano-voltfer\/","url":"https:\/\/www.voltfer.es\/en\/cafes-candelas-apuesta-la-energia-fotovoltaica-la-mano-voltfer\/","name":"Caf\u00e9s Candelas conf\u00eda en Voltfer para dar el salto a la energ\u00eda fotovoltaica | Energ\u00eda Eficiente | Voltfer","isPartOf":{"@id":"http:\/\/www.voltfer.es\/#website"},"primaryImageOfPage":{"@id":"https:\/\/www.voltfer.es\/en\/cafes-candelas-apuesta-la-energia-fotovoltaica-la-mano-voltfer\/#primaryimage"},"image":{"@id":"https:\/\/www.voltfer.es\/en\/cafes-candelas-apuesta-la-energia-fotovoltaica-la-mano-voltfer\/#primaryimage"},"thumbnailUrl":"https:\/\/www.voltfer.es\/wp-content\/uploads\/2022\/07\/foto-2.jpg","datePublished":"2022-07-04T09:59:35+00:00","dateModified":"2022-07-15T09:10:51+00:00","breadcrumb":{"@id":"https:\/\/www.voltfer.es\/en\/cafes-candelas-apuesta-la-energia-fotovoltaica-la-mano-voltfer\/#breadcrumb"},"inLanguage":"en-US","potentialAction":[{"@type":"ReadAction","target":["https:\/\/www.voltfer.es\/en\/cafes-candelas-apuesta-la-energia-fotovoltaica-la-mano-voltfer\/"]}]},{"@type":"ImageObject","inLanguage":"en-US","@id":"https:\/\/www.voltfer.es\/en\/cafes-candelas-apuesta-la-energia-fotovoltaica-la-mano-voltfer\/#primaryimage","url":"https:\/\/www.voltfer.es\/wp-content\/uploads\/2022\/07\/foto-2.jpg","contentUrl":"https:\/\/www.voltfer.es\/wp-content\/uploads\/2022\/07\/foto-2.jpg","width":4592,"height":2668},{"@type":"BreadcrumbList","@id":"https:\/\/www.voltfer.es\/en\/cafes-candelas-apuesta-la-energia-fotovoltaica-la-mano-voltfer\/#breadcrumb","itemListElement":[{"@type":"ListItem","position":1,"name":"Portada","item":"http:\/\/www.voltfer.es\/"},{"@type":"ListItem","position":2,"name":"Caf\u00e9s Candelas conf\u00eda en Voltfer para dar el salto a la energ\u00eda fotovoltaica"}]},{"@type":"WebSite","@id":"http:\/\/www.voltfer.es\/#website","url":"http:\/\/www.voltfer.es\/","name":"Energ\u00eda Eficiente | Voltfer","description":"Keeping you Cool, in Every Step","publisher":{"@id":"http:\/\/www.voltfer.es\/#organization"},"potentialAction":[{"@type":"SearchAction","target":{"@type":"EntryPoint","urlTemplate":"http:\/\/www.voltfer.es\/?s={search_term_string}"},"query-input":{"@type":"PropertyValueSpecification","valueRequired":true,"valueName":"search_term_string"}}],"inLanguage":"en-US"},{"@type":"Organization","@id":"http:\/\/www.voltfer.es\/#organization","name":"Voltfer","url":"http:\/\/www.voltfer.es\/","logo":{"@type":"ImageObject","inLanguage":"en-US","@id":"http:\/\/www.voltfer.es\/#\/schema\/logo\/image\/","url":"https:\/\/www.voltfer.es\/wp-content\/uploads\/2017\/04\/Voltferlogo.png","contentUrl":"https:\/\/www.voltfer.es\/wp-content\/uploads\/2017\/04\/Voltferlogo.png","width":500,"height":185,"caption":"Voltfer"},"image":{"@id":"http:\/\/www.voltfer.es\/#\/schema\/logo\/image\/"}},{"@type":"Person","@id":"http:\/\/www.voltfer.es\/#\/schema\/person\/08d703708869cc341d6fb36f222d6166","name":"Omayra","image":{"@type":"ImageObject","inLanguage":"en-US","@id":"http:\/\/www.voltfer.es\/#\/schema\/person\/image\/","url":"https:\/\/secure.gravatar.com\/avatar\/671f4f057dc690f2b10440184209e8f2?s=96&d=mm&r=g","contentUrl":"https:\/\/secure.gravatar.com\/avatar\/671f4f057dc690f2b10440184209e8f2?s=96&d=mm&r=g","caption":"Omayra"},"url":"https:\/\/www.voltfer.es\/en\/author\/omayra\/"}]}},"_links":{"self":[{"href":"https:\/\/www.voltfer.es\/en\/wp-json\/wp\/v2\/posts\/382","targetHints":{"allow":["GET"]}}],"collection":[{"href":"https:\/\/www.voltfer.es\/en\/wp-json\/wp\/v2\/posts"}],"about":[{"href":"https:\/\/www.voltfer.es\/en\/wp-json\/wp\/v2\/types\/post"}],"author":[{"embeddable":true,"href":"https:\/\/www.voltfer.es\/en\/wp-json\/wp\/v2\/users\/4"}],"replies":[{"embeddable":true,"href":"https:\/\/www.voltfer.es\/en\/wp-json\/wp\/v2\/comments?post=382"}],"version-history":[{"count":5,"href":"https:\/\/www.voltfer.es\/en\/wp-json\/wp\/v2\/posts\/382\/revisions"}],"predecessor-version":[{"id":394,"href":"https:\/\/www.voltfer.es\/en\/wp-json\/wp\/v2\/posts\/382\/revisions\/394"}],"wp:featuredmedia":[{"embeddable":true,"href":"https:\/\/www.voltfer.es\/en\/wp-json\/wp\/v2\/media\/383"}],"wp:attachment":[{"href":"https:\/\/www.voltfer.es\/en\/wp-json\/wp\/v2\/media?parent=382"}],"wp:term":[{"taxonomy":"category","embeddable":true,"href":"https:\/\/www.voltfer.es\/en\/wp-json\/wp\/v2\/categories?post=382"},{"taxonomy":"post_tag","embeddable":true,"href":"https:\/\/www.voltfer.es\/en\/wp-json\/wp\/v2\/tags?post=382"}],"curies":[{"name":"wp","href":"https:\/\/api.w.org\/{rel}","templated":true}]}}