{"id":2577,"date":"2024-04-16T13:24:37","date_gmt":"2024-04-16T12:24:37","guid":{"rendered":"https:\/\/www.voltfer.es\/?p=2577"},"modified":"2024-04-16T13:26:27","modified_gmt":"2024-04-16T12:26:27","slug":"frigalsa-afianza-la-transicion-a-la-fotovoltaica-del-sector-del-mar-vigues-de-la-mano-de-voltfer","status":"publish","type":"post","link":"https:\/\/www.voltfer.es\/en\/frigalsa-afianza-la-transicion-a-la-fotovoltaica-del-sector-del-mar-vigues-de-la-mano-de-voltfer\/","title":{"rendered":"Frigalsa afianza la transici\u00f3n a la fotovoltaica del sector del mar vigu\u00e9s de la mano de Voltfer"},"content":{"rendered":"<p><strong>La firma, referente en almacenamiento frigor\u00edfico, incorpora m\u00e1s de 400 m\u00f3dulos solares en su plataforma log\u00edstica de Beiramar de la mano de la divisi\u00f3n de renovables del Grupo Alvari\u00f1o, y proyecta la ampliaci\u00f3n de la fotovoltaica de su sede de Teis con otros 900 paneles<\/strong><\/p>\n\n\n\n<p><strong>Grandes congeladores, centros log\u00edsticos y de transformaci\u00f3n de productos del mar y conserveras dan un salto al autoconsumo fotovoltaico para reducir su dependencia energ\u00e9tica y protegerse frente a los vaivenes del mercado en los precios de la energ\u00eda<\/strong><\/p>\n\n\n\n<p><strong>Voltfer alcanza los 13.000 paneles solares instalados en industrias del mar y conserveras del \u00e1rea de Vigo, que suman 6MW de potencia<\/strong><\/p>\n\n\n\n<p><strong>Vigo, 16 de abril de 2024.- <\/strong>Frigalsa (Frigor\u00edficos de Galicia, S.A.) ha reforzado su apuesta por la energ\u00eda fotovoltaica de autoconsumo de la mano de Voltfer, divisi\u00f3n del Grupo Alvari\u00f1o especializada en energ\u00edas renovables. La firma viguesa, referente en almacenamiento frigor\u00edfico, acaba de incorporar 410 paneles solares en su plataforma log\u00edstica de fr\u00edo de Beiramar. Con esta instalaci\u00f3n, de 225,5 kW de potencia, este centro de Frigalsa se autoabastece con una producci\u00f3n de 282.000 kWh\/a\u00f1o, que cubren en torno al 20% del consumo energ\u00e9tico de estos congeladores y evitan la emisi\u00f3n de 86 toneladas equivalentes de CO2 a la atm\u00f3sfera. La firma tambi\u00e9n proyecta la ampliaci\u00f3n de la instalaci\u00f3n fotovoltaica de su sede de Teis con otros 500 kW y otros 900 m\u00f3dulos solares.<\/p>\n\n\n\n<p>El director general de Frigalsa, Jacinto Salvador, explic\u00f3 que \u201cla apuesta de la compa\u00f1\u00eda por las energ\u00edas renovables se inici\u00f3 en 2016 con la instalaci\u00f3n de los primeros 370 kW en Teis, cuando el precio de la energ\u00eda \u2018no obligaba\u2019, y se consolida con esta nueva instalaci\u00f3n en nuestra sede de Beiramar y con la prevista en nuestra sede principal\u201d.<\/p>\n\n\n\n<figure class=\"wp-block-image alignright size-large is-resized\"><img fetchpriority=\"high\" decoding=\"async\" width=\"768\" height=\"1024\" src=\"https:\/\/www.voltfer.es\/wp-content\/uploads\/2024\/04\/Directivos-768x1024.jpg\" alt=\"\" class=\"wp-image-2580\" style=\"width:299px;height:auto\" srcset=\"https:\/\/www.voltfer.es\/wp-content\/uploads\/2024\/04\/Directivos-768x1024.jpg 768w, https:\/\/www.voltfer.es\/wp-content\/uploads\/2024\/04\/Directivos-225x300.jpg 225w, https:\/\/www.voltfer.es\/wp-content\/uploads\/2024\/04\/Directivos-1152x1536.jpg 1152w, https:\/\/www.voltfer.es\/wp-content\/uploads\/2024\/04\/Directivos-1536x2048.jpg 1536w, https:\/\/www.voltfer.es\/wp-content\/uploads\/2024\/04\/Directivos-9x12.jpg 9w, https:\/\/www.voltfer.es\/wp-content\/uploads\/2024\/04\/Directivos-scaled.jpg 1920w\" sizes=\"(max-width: 768px) 100vw, 768px\" \/><\/figure>\n\n\n\n<p><strong>La fotovoltaica, clave en la transici\u00f3n energ\u00e9tica del sector<\/strong><\/p>\n\n\n\n<p>Grandes frigor\u00edficos, centros de transformaci\u00f3n y conserveras del \u00e1rea de Vigo superan con esta nueva planta la cifra de m\u00e1s de 13.000 paneles fotovoltaicos instalados por Voltfer. Firmas como el Grupo Pereira, Fandicosta, Casa Botas, Mascato, Frioya y Frialia Log\u00edstica, Friotea, Frigalsa, Frigor\u00edficos del Morrazo o Galiciamar, referentes en el sector de la transformaci\u00f3n, la log\u00edstica y la comercializaci\u00f3n de productos de la pesca en Galicia, mayoristas de mariscos y conserveras de la provincia como Cerqueira, Friscos o Antonio P\u00e9rez Lafuente lideran esta apuesta por el autoconsumo en alianza con Voltfer &#8211; Grupo Alvari\u00f1o y Enertra. Las plantas fotovoltaicas instaladas por Voltfer en estas empresas superan en su conjunto los 6 MW de potencia, cifras que reflejan el compromiso del sector del mar con la transici\u00f3n energ\u00e9tica, con el autoconsumo como principal aliado.<\/p>\n\n\n\n<p>Seg\u00fan explic\u00f3 el presidente del Grupo Alvari\u00f1o, Jos\u00e9 Manuel Fern\u00e1ndez Alvari\u00f1o durante la entrega de la nueva instalaci\u00f3n a Frigalsa, \u201cse trata de una apuesta por la sostenibilidad de la mano de una fuente de energ\u00eda renovable y no contaminante, la energ\u00eda solar fotovoltaica, que adem\u00e1s permite grandes ahorros desde el primer momento y una amortizaci\u00f3n a corto plazo de las inversiones realizadas\u201d, dijo. En este sentido, manifest\u00f3 que \u201cexiste un claro consenso en el sector, que ve en estas instalaciones la mejor opci\u00f3n para reducir su dependencia energ\u00e9tica y mitigar el impacto del encarecimiento y las fluctuaciones en los precios de la electricidad sobre sus resultados, y para reducir su huella de carbono\u201d.<\/p>\n\n\n\n<p>\u201cSe trata de empresas cuya actividad implica una elevada demanda de energ\u00eda, para las que el precio de la electricidad tiene un impacto crucial en los resultados\u201d, explica Jos\u00e9 Mar\u00eda Fari\u00f1a, director t\u00e9cnico de Voltfer. Por ello, \u201cuna instalaci\u00f3n de este tipo es un elemento decisivo para la competitividad, permitiendo ahorros important\u00edsimos en electricidad, y que adem\u00e1s puede acometerse sin necesidad de inversi\u00f3n si se opta por una modalidad de PPA, como las que ofrece Voltfer\u201d.<\/p>\n\n\n\n<p><strong>Reducci\u00f3n de emisiones<\/strong><\/p>\n\n\n\n<p>Las grandes instalaciones ejecutadas por Voltfer en estas empresas del sector del mar implica en su conjunto una reducci\u00f3n en las emisiones de gases de efecto invernadero de m\u00e1s de 2.200 toneladas de CO2 cada a\u00f1o.<\/p>","protected":false},"excerpt":{"rendered":"<p>La firma, referente en almacenamiento frigor\u00edfico, incorpora m\u00e1s de 400 m\u00f3dulos solares en su plataforma log\u00edstica de Beiramar de la mano de la divisi\u00f3n de renovables del Grupo Alvari\u00f1o, y proyecta la ampliaci\u00f3n de la fotovoltaica de su sede de Teis con otros 900 paneles Grandes congeladores, centros log\u00edsticos y de transformaci\u00f3n de productos del [&hellip;]<\/p>","protected":false},"author":1,"featured_media":2578,"comment_status":"open","ping_status":"open","sticky":false,"template":"","format":"standard","meta":{"site-sidebar-layout":"default","site-content-layout":"","ast-site-content-layout":"default","site-content-style":"default","site-sidebar-style":"default","ast-global-header-display":"","ast-banner-title-visibility":"","ast-main-header-display":"","ast-hfb-above-header-display":"","ast-hfb-below-header-display":"","ast-hfb-mobile-header-display":"","site-post-title":"","ast-breadcrumbs-content":"","ast-featured-img":"","footer-sml-layout":"","theme-transparent-header-meta":"","adv-header-id-meta":"","stick-header-meta":"","header-above-stick-meta":"","header-main-stick-meta":"","header-below-stick-meta":"","astra-migrate-meta-layouts":"set","ast-page-background-enabled":"default","ast-page-background-meta":{"desktop":{"background-color":"","background-image":"","background-repeat":"repeat","background-position":"center center","background-size":"auto","background-attachment":"scroll","background-type":"","background-media":"","overlay-type":"","overlay-color":"","overlay-opacity":"","overlay-gradient":""},"tablet":{"background-color":"","background-image":"","background-repeat":"repeat","background-position":"center center","background-size":"auto","background-attachment":"scroll","background-type":"","background-media":"","overlay-type":"","overlay-color":"","overlay-opacity":"","overlay-gradient":""},"mobile":{"background-color":"","background-image":"","background-repeat":"repeat","background-position":"center center","background-size":"auto","background-attachment":"scroll","background-type":"","background-media":"","overlay-type":"","overlay-color":"","overlay-opacity":"","overlay-gradient":""}},"ast-content-background-meta":{"desktop":{"background-color":"var(--ast-global-color-5)","background-image":"","background-repeat":"repeat","background-position":"center center","background-size":"auto","background-attachment":"scroll","background-type":"","background-media":"","overlay-type":"","overlay-color":"","overlay-opacity":"","overlay-gradient":""},"tablet":{"background-color":"var(--ast-global-color-5)","background-image":"","background-repeat":"repeat","background-position":"center center","background-size":"auto","background-attachment":"scroll","background-type":"","background-media":"","overlay-type":"","overlay-color":"","overlay-opacity":"","overlay-gradient":""},"mobile":{"background-color":"var(--ast-global-color-5)","background-image":"","background-repeat":"repeat","background-position":"center center","background-size":"auto","background-attachment":"scroll","background-type":"","background-media":"","overlay-type":"","overlay-color":"","overlay-opacity":"","overlay-gradient":""}},"footnotes":""},"categories":[1],"tags":[6,7,48,49,14],"class_list":["post-2577","post","type-post","status-publish","format-standard","has-post-thumbnail","hentry","category-noticias-energeticas-galicia","tag-energias-renovables","tag-sostenibilidad","tag-fotovoltaica-2","tag-frigalsa","tag-transicion-energetica"],"yoast_head":"<!-- This site is optimized with the Yoast SEO plugin v25.4 - https:\/\/yoast.com\/wordpress\/plugins\/seo\/ -->\n<title>Frigalsa afianza la transici\u00f3n a la fotovoltaica del sector del mar vigu\u00e9s de la mano de Voltfer | Energ\u00eda Eficiente | Voltfer<\/title>\n<meta name=\"robots\" content=\"index, follow, max-snippet:-1, max-image-preview:large, max-video-preview:-1\" \/>\n<link rel=\"canonical\" href=\"http:\/\/www.voltfer.es\/en\/frigalsa-afianza-la-transicion-a-la-fotovoltaica-del-sector-del-mar-vigues-de-la-mano-de-voltfer\/\" \/>\n<meta property=\"og:locale\" content=\"en_US\" \/>\n<meta property=\"og:type\" content=\"article\" \/>\n<meta property=\"og:title\" content=\"Frigalsa afianza la transici\u00f3n a la fotovoltaica del sector del mar vigu\u00e9s de la mano de Voltfer | Energ\u00eda Eficiente | Voltfer\" \/>\n<meta property=\"og:description\" content=\"La firma, referente en almacenamiento frigor\u00edfico, incorpora m\u00e1s de 400 m\u00f3dulos solares en su plataforma log\u00edstica de Beiramar de la mano de la divisi\u00f3n de renovables del Grupo Alvari\u00f1o, y proyecta la ampliaci\u00f3n de la fotovoltaica de su sede de Teis con otros 900 paneles Grandes congeladores, centros log\u00edsticos y de transformaci\u00f3n de productos del [&hellip;]\" \/>\n<meta property=\"og:url\" content=\"http:\/\/www.voltfer.es\/en\/frigalsa-afianza-la-transicion-a-la-fotovoltaica-del-sector-del-mar-vigues-de-la-mano-de-voltfer\/\" \/>\n<meta property=\"og:site_name\" content=\"Energ\u00eda Eficiente | Voltfer\" \/>\n<meta property=\"article:published_time\" content=\"2024-04-16T12:24:37+00:00\" \/>\n<meta property=\"article:modified_time\" content=\"2024-04-16T12:26:27+00:00\" \/>\n<meta property=\"og:image\" content=\"http:\/\/www.voltfer.es\/wp-content\/uploads\/2024\/04\/vista-dron-Frigalsa.jpg\" \/>\n\t<meta property=\"og:image:width\" content=\"1613\" \/>\n\t<meta property=\"og:image:height\" content=\"907\" \/>\n\t<meta property=\"og:image:type\" content=\"image\/jpeg\" \/>\n<meta name=\"author\" content=\"Voltfer\" \/>\n<meta name=\"twitter:card\" content=\"summary_large_image\" \/>\n<meta name=\"twitter:label1\" content=\"Written by\" \/>\n\t<meta name=\"twitter:data1\" content=\"Voltfer\" \/>\n\t<meta name=\"twitter:label2\" content=\"Est. reading time\" \/>\n\t<meta name=\"twitter:data2\" content=\"4 minutes\" \/>\n<script type=\"application\/ld+json\" class=\"yoast-schema-graph\">{\"@context\":\"https:\/\/schema.org\",\"@graph\":[{\"@type\":\"Article\",\"@id\":\"http:\/\/www.voltfer.es\/frigalsa-afianza-la-transicion-a-la-fotovoltaica-del-sector-del-mar-vigues-de-la-mano-de-voltfer\/#article\",\"isPartOf\":{\"@id\":\"http:\/\/www.voltfer.es\/frigalsa-afianza-la-transicion-a-la-fotovoltaica-del-sector-del-mar-vigues-de-la-mano-de-voltfer\/\"},\"author\":{\"name\":\"Voltfer\",\"@id\":\"http:\/\/www.voltfer.es\/#\/schema\/person\/b9ea9f47006fa3e42833985703450910\"},\"headline\":\"Frigalsa afianza la transici\u00f3n a la fotovoltaica del sector del mar vigu\u00e9s de la mano de Voltfer\",\"datePublished\":\"2024-04-16T12:24:37+00:00\",\"dateModified\":\"2024-04-16T12:26:27+00:00\",\"mainEntityOfPage\":{\"@id\":\"http:\/\/www.voltfer.es\/frigalsa-afianza-la-transicion-a-la-fotovoltaica-del-sector-del-mar-vigues-de-la-mano-de-voltfer\/\"},\"wordCount\":736,\"commentCount\":0,\"publisher\":{\"@id\":\"http:\/\/www.voltfer.es\/#organization\"},\"image\":{\"@id\":\"http:\/\/www.voltfer.es\/frigalsa-afianza-la-transicion-a-la-fotovoltaica-del-sector-del-mar-vigues-de-la-mano-de-voltfer\/#primaryimage\"},\"thumbnailUrl\":\"https:\/\/www.voltfer.es\/wp-content\/uploads\/2024\/04\/vista-dron-Frigalsa.jpg\",\"keywords\":[\"#energ\u00edas renovables\",\"#sostenibilidad\",\"Fotovoltaica\",\"Frigalsa\",\"transici\u00f3n energ\u00e9tica\"],\"articleSection\":[\"Noticias\"],\"inLanguage\":\"en-US\",\"potentialAction\":[{\"@type\":\"CommentAction\",\"name\":\"Comment\",\"target\":[\"http:\/\/www.voltfer.es\/frigalsa-afianza-la-transicion-a-la-fotovoltaica-del-sector-del-mar-vigues-de-la-mano-de-voltfer\/#respond\"]}]},{\"@type\":\"WebPage\",\"@id\":\"http:\/\/www.voltfer.es\/frigalsa-afianza-la-transicion-a-la-fotovoltaica-del-sector-del-mar-vigues-de-la-mano-de-voltfer\/\",\"url\":\"http:\/\/www.voltfer.es\/frigalsa-afianza-la-transicion-a-la-fotovoltaica-del-sector-del-mar-vigues-de-la-mano-de-voltfer\/\",\"name\":\"Frigalsa afianza la transici\u00f3n a la fotovoltaica del sector del mar vigu\u00e9s de la mano de Voltfer | Energ\u00eda Eficiente | Voltfer\",\"isPartOf\":{\"@id\":\"http:\/\/www.voltfer.es\/#website\"},\"primaryImageOfPage\":{\"@id\":\"http:\/\/www.voltfer.es\/frigalsa-afianza-la-transicion-a-la-fotovoltaica-del-sector-del-mar-vigues-de-la-mano-de-voltfer\/#primaryimage\"},\"image\":{\"@id\":\"http:\/\/www.voltfer.es\/frigalsa-afianza-la-transicion-a-la-fotovoltaica-del-sector-del-mar-vigues-de-la-mano-de-voltfer\/#primaryimage\"},\"thumbnailUrl\":\"https:\/\/www.voltfer.es\/wp-content\/uploads\/2024\/04\/vista-dron-Frigalsa.jpg\",\"datePublished\":\"2024-04-16T12:24:37+00:00\",\"dateModified\":\"2024-04-16T12:26:27+00:00\",\"breadcrumb\":{\"@id\":\"http:\/\/www.voltfer.es\/frigalsa-afianza-la-transicion-a-la-fotovoltaica-del-sector-del-mar-vigues-de-la-mano-de-voltfer\/#breadcrumb\"},\"inLanguage\":\"en-US\",\"potentialAction\":[{\"@type\":\"ReadAction\",\"target\":[\"http:\/\/www.voltfer.es\/frigalsa-afianza-la-transicion-a-la-fotovoltaica-del-sector-del-mar-vigues-de-la-mano-de-voltfer\/\"]}]},{\"@type\":\"ImageObject\",\"inLanguage\":\"en-US\",\"@id\":\"http:\/\/www.voltfer.es\/frigalsa-afianza-la-transicion-a-la-fotovoltaica-del-sector-del-mar-vigues-de-la-mano-de-voltfer\/#primaryimage\",\"url\":\"https:\/\/www.voltfer.es\/wp-content\/uploads\/2024\/04\/vista-dron-Frigalsa.jpg\",\"contentUrl\":\"https:\/\/www.voltfer.es\/wp-content\/uploads\/2024\/04\/vista-dron-Frigalsa.jpg\",\"width\":1613,\"height\":907,\"caption\":\"default\"},{\"@type\":\"BreadcrumbList\",\"@id\":\"http:\/\/www.voltfer.es\/frigalsa-afianza-la-transicion-a-la-fotovoltaica-del-sector-del-mar-vigues-de-la-mano-de-voltfer\/#breadcrumb\",\"itemListElement\":[{\"@type\":\"ListItem\",\"position\":1,\"name\":\"Portada\",\"item\":\"http:\/\/www.voltfer.es\/\"},{\"@type\":\"ListItem\",\"position\":2,\"name\":\"Frigalsa afianza la transici\u00f3n a la fotovoltaica del sector del mar vigu\u00e9s de la mano de Voltfer\"}]},{\"@type\":\"WebSite\",\"@id\":\"http:\/\/www.voltfer.es\/#website\",\"url\":\"http:\/\/www.voltfer.es\/\",\"name\":\"Energ\u00eda Eficiente | Voltfer\",\"description\":\"Keeping you Cool, in Every Step\",\"publisher\":{\"@id\":\"http:\/\/www.voltfer.es\/#organization\"},\"potentialAction\":[{\"@type\":\"SearchAction\",\"target\":{\"@type\":\"EntryPoint\",\"urlTemplate\":\"http:\/\/www.voltfer.es\/?s={search_term_string}\"},\"query-input\":{\"@type\":\"PropertyValueSpecification\",\"valueRequired\":true,\"valueName\":\"search_term_string\"}}],\"inLanguage\":\"en-US\"},{\"@type\":\"Organization\",\"@id\":\"http:\/\/www.voltfer.es\/#organization\",\"name\":\"Voltfer\",\"url\":\"http:\/\/www.voltfer.es\/\",\"logo\":{\"@type\":\"ImageObject\",\"inLanguage\":\"en-US\",\"@id\":\"http:\/\/www.voltfer.es\/#\/schema\/logo\/image\/\",\"url\":\"https:\/\/www.voltfer.es\/wp-content\/uploads\/2017\/04\/Voltferlogo.png\",\"contentUrl\":\"https:\/\/www.voltfer.es\/wp-content\/uploads\/2017\/04\/Voltferlogo.png\",\"width\":500,\"height\":185,\"caption\":\"Voltfer\"},\"image\":{\"@id\":\"http:\/\/www.voltfer.es\/#\/schema\/logo\/image\/\"}},{\"@type\":\"Person\",\"@id\":\"http:\/\/www.voltfer.es\/#\/schema\/person\/b9ea9f47006fa3e42833985703450910\",\"name\":\"Voltfer\",\"image\":{\"@type\":\"ImageObject\",\"inLanguage\":\"en-US\",\"@id\":\"http:\/\/www.voltfer.es\/#\/schema\/person\/image\/\",\"url\":\"https:\/\/secure.gravatar.com\/avatar\/b9cd669a96d3181d6888d98f1e4cd3f1?s=96&d=mm&r=g\",\"contentUrl\":\"https:\/\/secure.gravatar.com\/avatar\/b9cd669a96d3181d6888d98f1e4cd3f1?s=96&d=mm&r=g\",\"caption\":\"Voltfer\"},\"url\":\"https:\/\/www.voltfer.es\/en\/author\/admin\/\"}]}<\/script>\n<!-- \/ Yoast SEO plugin. -->","yoast_head_json":{"title":"Frigalsa afianza la transici\u00f3n a la fotovoltaica del sector del mar vigu\u00e9s de la mano de Voltfer | Energ\u00eda Eficiente | Voltfer","robots":{"index":"index","follow":"follow","max-snippet":"max-snippet:-1","max-image-preview":"max-image-preview:large","max-video-preview":"max-video-preview:-1"},"canonical":"http:\/\/www.voltfer.es\/en\/frigalsa-afianza-la-transicion-a-la-fotovoltaica-del-sector-del-mar-vigues-de-la-mano-de-voltfer\/","og_locale":"en_US","og_type":"article","og_title":"Frigalsa afianza la transici\u00f3n a la fotovoltaica del sector del mar vigu\u00e9s de la mano de Voltfer | Energ\u00eda Eficiente | Voltfer","og_description":"La firma, referente en almacenamiento frigor\u00edfico, incorpora m\u00e1s de 400 m\u00f3dulos solares en su plataforma log\u00edstica de Beiramar de la mano de la divisi\u00f3n de renovables del Grupo Alvari\u00f1o, y proyecta la ampliaci\u00f3n de la fotovoltaica de su sede de Teis con otros 900 paneles Grandes congeladores, centros log\u00edsticos y de transformaci\u00f3n de productos del [&hellip;]","og_url":"http:\/\/www.voltfer.es\/en\/frigalsa-afianza-la-transicion-a-la-fotovoltaica-del-sector-del-mar-vigues-de-la-mano-de-voltfer\/","og_site_name":"Energ\u00eda Eficiente | Voltfer","article_published_time":"2024-04-16T12:24:37+00:00","article_modified_time":"2024-04-16T12:26:27+00:00","og_image":[{"width":1613,"height":907,"url":"http:\/\/www.voltfer.es\/wp-content\/uploads\/2024\/04\/vista-dron-Frigalsa.jpg","type":"image\/jpeg"}],"author":"Voltfer","twitter_card":"summary_large_image","twitter_misc":{"Written by":"Voltfer","Est. reading time":"4 minutes"},"schema":{"@context":"https:\/\/schema.org","@graph":[{"@type":"Article","@id":"http:\/\/www.voltfer.es\/frigalsa-afianza-la-transicion-a-la-fotovoltaica-del-sector-del-mar-vigues-de-la-mano-de-voltfer\/#article","isPartOf":{"@id":"http:\/\/www.voltfer.es\/frigalsa-afianza-la-transicion-a-la-fotovoltaica-del-sector-del-mar-vigues-de-la-mano-de-voltfer\/"},"author":{"name":"Voltfer","@id":"http:\/\/www.voltfer.es\/#\/schema\/person\/b9ea9f47006fa3e42833985703450910"},"headline":"Frigalsa afianza la transici\u00f3n a la fotovoltaica del sector del mar vigu\u00e9s de la mano de Voltfer","datePublished":"2024-04-16T12:24:37+00:00","dateModified":"2024-04-16T12:26:27+00:00","mainEntityOfPage":{"@id":"http:\/\/www.voltfer.es\/frigalsa-afianza-la-transicion-a-la-fotovoltaica-del-sector-del-mar-vigues-de-la-mano-de-voltfer\/"},"wordCount":736,"commentCount":0,"publisher":{"@id":"http:\/\/www.voltfer.es\/#organization"},"image":{"@id":"http:\/\/www.voltfer.es\/frigalsa-afianza-la-transicion-a-la-fotovoltaica-del-sector-del-mar-vigues-de-la-mano-de-voltfer\/#primaryimage"},"thumbnailUrl":"https:\/\/www.voltfer.es\/wp-content\/uploads\/2024\/04\/vista-dron-Frigalsa.jpg","keywords":["#energ\u00edas renovables","#sostenibilidad","Fotovoltaica","Frigalsa","transici\u00f3n energ\u00e9tica"],"articleSection":["Noticias"],"inLanguage":"en-US","potentialAction":[{"@type":"CommentAction","name":"Comment","target":["http:\/\/www.voltfer.es\/frigalsa-afianza-la-transicion-a-la-fotovoltaica-del-sector-del-mar-vigues-de-la-mano-de-voltfer\/#respond"]}]},{"@type":"WebPage","@id":"http:\/\/www.voltfer.es\/frigalsa-afianza-la-transicion-a-la-fotovoltaica-del-sector-del-mar-vigues-de-la-mano-de-voltfer\/","url":"http:\/\/www.voltfer.es\/frigalsa-afianza-la-transicion-a-la-fotovoltaica-del-sector-del-mar-vigues-de-la-mano-de-voltfer\/","name":"Frigalsa afianza la transici\u00f3n a la fotovoltaica del sector del mar vigu\u00e9s de la mano de Voltfer | Energ\u00eda Eficiente | Voltfer","isPartOf":{"@id":"http:\/\/www.voltfer.es\/#website"},"primaryImageOfPage":{"@id":"http:\/\/www.voltfer.es\/frigalsa-afianza-la-transicion-a-la-fotovoltaica-del-sector-del-mar-vigues-de-la-mano-de-voltfer\/#primaryimage"},"image":{"@id":"http:\/\/www.voltfer.es\/frigalsa-afianza-la-transicion-a-la-fotovoltaica-del-sector-del-mar-vigues-de-la-mano-de-voltfer\/#primaryimage"},"thumbnailUrl":"https:\/\/www.voltfer.es\/wp-content\/uploads\/2024\/04\/vista-dron-Frigalsa.jpg","datePublished":"2024-04-16T12:24:37+00:00","dateModified":"2024-04-16T12:26:27+00:00","breadcrumb":{"@id":"http:\/\/www.voltfer.es\/frigalsa-afianza-la-transicion-a-la-fotovoltaica-del-sector-del-mar-vigues-de-la-mano-de-voltfer\/#breadcrumb"},"inLanguage":"en-US","potentialAction":[{"@type":"ReadAction","target":["http:\/\/www.voltfer.es\/frigalsa-afianza-la-transicion-a-la-fotovoltaica-del-sector-del-mar-vigues-de-la-mano-de-voltfer\/"]}]},{"@type":"ImageObject","inLanguage":"en-US","@id":"http:\/\/www.voltfer.es\/frigalsa-afianza-la-transicion-a-la-fotovoltaica-del-sector-del-mar-vigues-de-la-mano-de-voltfer\/#primaryimage","url":"https:\/\/www.voltfer.es\/wp-content\/uploads\/2024\/04\/vista-dron-Frigalsa.jpg","contentUrl":"https:\/\/www.voltfer.es\/wp-content\/uploads\/2024\/04\/vista-dron-Frigalsa.jpg","width":1613,"height":907,"caption":"default"},{"@type":"BreadcrumbList","@id":"http:\/\/www.voltfer.es\/frigalsa-afianza-la-transicion-a-la-fotovoltaica-del-sector-del-mar-vigues-de-la-mano-de-voltfer\/#breadcrumb","itemListElement":[{"@type":"ListItem","position":1,"name":"Portada","item":"http:\/\/www.voltfer.es\/"},{"@type":"ListItem","position":2,"name":"Frigalsa afianza la transici\u00f3n a la fotovoltaica del sector del mar vigu\u00e9s de la mano de Voltfer"}]},{"@type":"WebSite","@id":"http:\/\/www.voltfer.es\/#website","url":"http:\/\/www.voltfer.es\/","name":"Energ\u00eda Eficiente | Voltfer","description":"Keeping you Cool, in Every Step","publisher":{"@id":"http:\/\/www.voltfer.es\/#organization"},"potentialAction":[{"@type":"SearchAction","target":{"@type":"EntryPoint","urlTemplate":"http:\/\/www.voltfer.es\/?s={search_term_string}"},"query-input":{"@type":"PropertyValueSpecification","valueRequired":true,"valueName":"search_term_string"}}],"inLanguage":"en-US"},{"@type":"Organization","@id":"http:\/\/www.voltfer.es\/#organization","name":"Voltfer","url":"http:\/\/www.voltfer.es\/","logo":{"@type":"ImageObject","inLanguage":"en-US","@id":"http:\/\/www.voltfer.es\/#\/schema\/logo\/image\/","url":"https:\/\/www.voltfer.es\/wp-content\/uploads\/2017\/04\/Voltferlogo.png","contentUrl":"https:\/\/www.voltfer.es\/wp-content\/uploads\/2017\/04\/Voltferlogo.png","width":500,"height":185,"caption":"Voltfer"},"image":{"@id":"http:\/\/www.voltfer.es\/#\/schema\/logo\/image\/"}},{"@type":"Person","@id":"http:\/\/www.voltfer.es\/#\/schema\/person\/b9ea9f47006fa3e42833985703450910","name":"Voltfer","image":{"@type":"ImageObject","inLanguage":"en-US","@id":"http:\/\/www.voltfer.es\/#\/schema\/person\/image\/","url":"https:\/\/secure.gravatar.com\/avatar\/b9cd669a96d3181d6888d98f1e4cd3f1?s=96&d=mm&r=g","contentUrl":"https:\/\/secure.gravatar.com\/avatar\/b9cd669a96d3181d6888d98f1e4cd3f1?s=96&d=mm&r=g","caption":"Voltfer"},"url":"https:\/\/www.voltfer.es\/en\/author\/admin\/"}]}},"_links":{"self":[{"href":"https:\/\/www.voltfer.es\/en\/wp-json\/wp\/v2\/posts\/2577","targetHints":{"allow":["GET"]}}],"collection":[{"href":"https:\/\/www.voltfer.es\/en\/wp-json\/wp\/v2\/posts"}],"about":[{"href":"https:\/\/www.voltfer.es\/en\/wp-json\/wp\/v2\/types\/post"}],"author":[{"embeddable":true,"href":"https:\/\/www.voltfer.es\/en\/wp-json\/wp\/v2\/users\/1"}],"replies":[{"embeddable":true,"href":"https:\/\/www.voltfer.es\/en\/wp-json\/wp\/v2\/comments?post=2577"}],"version-history":[{"count":2,"href":"https:\/\/www.voltfer.es\/en\/wp-json\/wp\/v2\/posts\/2577\/revisions"}],"predecessor-version":[{"id":2581,"href":"https:\/\/www.voltfer.es\/en\/wp-json\/wp\/v2\/posts\/2577\/revisions\/2581"}],"wp:featuredmedia":[{"embeddable":true,"href":"https:\/\/www.voltfer.es\/en\/wp-json\/wp\/v2\/media\/2578"}],"wp:attachment":[{"href":"https:\/\/www.voltfer.es\/en\/wp-json\/wp\/v2\/media?parent=2577"}],"wp:term":[{"taxonomy":"category","embeddable":true,"href":"https:\/\/www.voltfer.es\/en\/wp-json\/wp\/v2\/categories?post=2577"},{"taxonomy":"post_tag","embeddable":true,"href":"https:\/\/www.voltfer.es\/en\/wp-json\/wp\/v2\/tags?post=2577"}],"curies":[{"name":"wp","href":"https:\/\/api.w.org\/{rel}","templated":true}]}}