{"id":213,"date":"2018-02-08T09:40:20","date_gmt":"2018-02-08T08:40:20","guid":{"rendered":"http:\/\/www.voltfer.es\/?p=213"},"modified":"2018-02-08T09:40:20","modified_gmt":"2018-02-08T08:40:20","slug":"carlos-barrosa-nueva-incorporacion-al-departamento-comercial-voltfer","status":"publish","type":"post","link":"https:\/\/www.voltfer.es\/en\/carlos-barrosa-nueva-incorporacion-al-departamento-comercial-voltfer\/","title":{"rendered":"Carlos barrosa, nueva incorporaci\u00f3n al departamento comercial de voltfer"},"content":{"rendered":"<p>En Voltfer seguimos ampliando nuestro equipo con la incorporaci\u00f3n a nuestro departamento comercial de <strong>Carlos Barrosa<\/strong>.<\/p>\n<p>Ingeniero industrial con un curr\u00edculum de m\u00e1s 12 a\u00f1os de experiencia en Ventas dentro del sector de las energ\u00edas renovables, tanto en el \u00e1mbito nacional como internacional, <strong>Carlos Barrosa<\/strong> suma a nuestro proyecto su formaci\u00f3n t\u00e9cnica y su experiencia y conocimiento en el campo del autoconsumo fotovoltaico, gran apuesta empresarial del Grupo Alvari\u00f1o a trav\u00e9s de Voltfer.<\/p>\n<p>La incorporaci\u00f3n de nuestro compa\u00f1ero Carlos es un refuerzo que llega a la compa\u00f1\u00eda para apoyar la estrategia de crecimiento del negocio fotovoltaico, con la vista puesta en la expansi\u00f3n de la actividad de nuestra empresa en nuevas \u00e1reas del territorio nacional y el salto al mercado internacional con Portugal como primer objetivo.<\/p>\n<p>Su llegada viene a reforzar el departamento comercial, con el objetivo de poder ofrecer el mejor servicio individualizado a todos los clientes, empresas y particulares, y un asesoramiento especializado y de calidad en el \u00e1rea de la eficiencia energ\u00e9tica.<\/p>\n<p>Queremos desearle mucha suerte y muchos \u00e9xitos en esta nueva etapa profesional.<\/p>\n<p>\u00a1Bienvenido a Voltfer y al Grupo Alvari\u00f1o, Carlos!<\/p>","protected":false},"excerpt":{"rendered":"<p>En Voltfer seguimos ampliando nuestro equipo con la incorporaci\u00f3n a nuestro departamento comercial de Carlos Barrosa. Ingeniero industrial con un curr\u00edculum de m\u00e1s 12 a\u00f1os de experiencia en Ventas dentro del sector de las energ\u00edas renovables, tanto en el \u00e1mbito nacional como internacional, Carlos Barrosa suma a nuestro proyecto su formaci\u00f3n t\u00e9cnica y su experiencia [&hellip;]<\/p>","protected":false},"author":1,"featured_media":214,"comment_status":"open","ping_status":"open","sticky":false,"template":"","format":"standard","meta":{"site-sidebar-layout":"default","site-content-layout":"","ast-site-content-layout":"default","site-content-style":"default","site-sidebar-style":"default","ast-global-header-display":"","ast-banner-title-visibility":"","ast-main-header-display":"","ast-hfb-above-header-display":"","ast-hfb-below-header-display":"","ast-hfb-mobile-header-display":"","site-post-title":"","ast-breadcrumbs-content":"","ast-featured-img":"","footer-sml-layout":"","theme-transparent-header-meta":"","adv-header-id-meta":"","stick-header-meta":"","header-above-stick-meta":"","header-main-stick-meta":"","header-below-stick-meta":"","astra-migrate-meta-layouts":"default","ast-page-background-enabled":"default","ast-page-background-meta":{"desktop":{"background-color":"","background-image":"","background-repeat":"repeat","background-position":"center center","background-size":"auto","background-attachment":"scroll","background-type":"","background-media":"","overlay-type":"","overlay-color":"","overlay-opacity":"","overlay-gradient":""},"tablet":{"background-color":"","background-image":"","background-repeat":"repeat","background-position":"center center","background-size":"auto","background-attachment":"scroll","background-type":"","background-media":"","overlay-type":"","overlay-color":"","overlay-opacity":"","overlay-gradient":""},"mobile":{"background-color":"","background-image":"","background-repeat":"repeat","background-position":"center center","background-size":"auto","background-attachment":"scroll","background-type":"","background-media":"","overlay-type":"","overlay-color":"","overlay-opacity":"","overlay-gradient":""}},"ast-content-background-meta":{"desktop":{"background-color":"var(--ast-global-color-5)","background-image":"","background-repeat":"repeat","background-position":"center center","background-size":"auto","background-attachment":"scroll","background-type":"","background-media":"","overlay-type":"","overlay-color":"","overlay-opacity":"","overlay-gradient":""},"tablet":{"background-color":"var(--ast-global-color-5)","background-image":"","background-repeat":"repeat","background-position":"center center","background-size":"auto","background-attachment":"scroll","background-type":"","background-media":"","overlay-type":"","overlay-color":"","overlay-opacity":"","overlay-gradient":""},"mobile":{"background-color":"var(--ast-global-color-5)","background-image":"","background-repeat":"repeat","background-position":"center center","background-size":"auto","background-attachment":"scroll","background-type":"","background-media":"","overlay-type":"","overlay-color":"","overlay-opacity":"","overlay-gradient":""}},"footnotes":""},"categories":[1],"tags":[],"class_list":["post-213","post","type-post","status-publish","format-standard","has-post-thumbnail","hentry","category-noticias-energeticas-galicia"],"yoast_head":"<!-- This site is optimized with the Yoast SEO plugin v25.4 - https:\/\/yoast.com\/wordpress\/plugins\/seo\/ -->\n<title>Carlos barrosa, nueva incorporaci\u00f3n al departamento comercial de voltfer | Energ\u00eda Eficiente | Voltfer<\/title>\n<meta name=\"robots\" content=\"index, follow, max-snippet:-1, max-image-preview:large, max-video-preview:-1\" \/>\n<link rel=\"canonical\" href=\"https:\/\/www.voltfer.es\/en\/carlos-barrosa-nueva-incorporacion-al-departamento-comercial-voltfer\/\" \/>\n<meta property=\"og:locale\" content=\"en_US\" \/>\n<meta property=\"og:type\" content=\"article\" \/>\n<meta property=\"og:title\" content=\"Carlos barrosa, nueva incorporaci\u00f3n al departamento comercial de voltfer | Energ\u00eda Eficiente | Voltfer\" \/>\n<meta property=\"og:description\" content=\"En Voltfer seguimos ampliando nuestro equipo con la incorporaci\u00f3n a nuestro departamento comercial de Carlos Barrosa. Ingeniero industrial con un curr\u00edculum de m\u00e1s 12 a\u00f1os de experiencia en Ventas dentro del sector de las energ\u00edas renovables, tanto en el \u00e1mbito nacional como internacional, Carlos Barrosa suma a nuestro proyecto su formaci\u00f3n t\u00e9cnica y su experiencia [&hellip;]\" \/>\n<meta property=\"og:url\" content=\"https:\/\/www.voltfer.es\/en\/carlos-barrosa-nueva-incorporacion-al-departamento-comercial-voltfer\/\" \/>\n<meta property=\"og:site_name\" content=\"Energ\u00eda Eficiente | Voltfer\" \/>\n<meta property=\"article:published_time\" content=\"2018-02-08T08:40:20+00:00\" \/>\n<meta property=\"og:image\" content=\"https:\/\/www.voltfer.es\/wp-content\/uploads\/2018\/02\/Foto_CarlosBarrosa.jpg\" \/>\n\t<meta property=\"og:image:width\" content=\"800\" \/>\n\t<meta property=\"og:image:height\" content=\"787\" \/>\n\t<meta property=\"og:image:type\" content=\"image\/jpeg\" \/>\n<meta name=\"author\" content=\"Voltfer\" \/>\n<meta name=\"twitter:card\" content=\"summary_large_image\" \/>\n<meta name=\"twitter:label1\" content=\"Written by\" \/>\n\t<meta name=\"twitter:data1\" content=\"Voltfer\" \/>\n\t<meta name=\"twitter:label2\" content=\"Est. reading time\" \/>\n\t<meta name=\"twitter:data2\" content=\"1 minute\" \/>\n<script type=\"application\/ld+json\" class=\"yoast-schema-graph\">{\"@context\":\"https:\/\/schema.org\",\"@graph\":[{\"@type\":\"Article\",\"@id\":\"https:\/\/www.voltfer.es\/en\/carlos-barrosa-nueva-incorporacion-al-departamento-comercial-voltfer\/#article\",\"isPartOf\":{\"@id\":\"https:\/\/www.voltfer.es\/en\/carlos-barrosa-nueva-incorporacion-al-departamento-comercial-voltfer\/\"},\"author\":{\"name\":\"Voltfer\",\"@id\":\"http:\/\/www.voltfer.es\/#\/schema\/person\/b9ea9f47006fa3e42833985703450910\"},\"headline\":\"Carlos barrosa, nueva incorporaci\u00f3n al departamento comercial de voltfer\",\"datePublished\":\"2018-02-08T08:40:20+00:00\",\"mainEntityOfPage\":{\"@id\":\"https:\/\/www.voltfer.es\/en\/carlos-barrosa-nueva-incorporacion-al-departamento-comercial-voltfer\/\"},\"wordCount\":209,\"commentCount\":0,\"publisher\":{\"@id\":\"http:\/\/www.voltfer.es\/#organization\"},\"image\":{\"@id\":\"https:\/\/www.voltfer.es\/en\/carlos-barrosa-nueva-incorporacion-al-departamento-comercial-voltfer\/#primaryimage\"},\"thumbnailUrl\":\"https:\/\/www.voltfer.es\/wp-content\/uploads\/2018\/02\/Foto_CarlosBarrosa.jpg\",\"articleSection\":[\"Noticias\"],\"inLanguage\":\"en-US\",\"potentialAction\":[{\"@type\":\"CommentAction\",\"name\":\"Comment\",\"target\":[\"https:\/\/www.voltfer.es\/en\/carlos-barrosa-nueva-incorporacion-al-departamento-comercial-voltfer\/#respond\"]}]},{\"@type\":\"WebPage\",\"@id\":\"https:\/\/www.voltfer.es\/en\/carlos-barrosa-nueva-incorporacion-al-departamento-comercial-voltfer\/\",\"url\":\"https:\/\/www.voltfer.es\/en\/carlos-barrosa-nueva-incorporacion-al-departamento-comercial-voltfer\/\",\"name\":\"Carlos barrosa, nueva incorporaci\u00f3n al departamento comercial de voltfer | Energ\u00eda Eficiente | Voltfer\",\"isPartOf\":{\"@id\":\"http:\/\/www.voltfer.es\/#website\"},\"primaryImageOfPage\":{\"@id\":\"https:\/\/www.voltfer.es\/en\/carlos-barrosa-nueva-incorporacion-al-departamento-comercial-voltfer\/#primaryimage\"},\"image\":{\"@id\":\"https:\/\/www.voltfer.es\/en\/carlos-barrosa-nueva-incorporacion-al-departamento-comercial-voltfer\/#primaryimage\"},\"thumbnailUrl\":\"https:\/\/www.voltfer.es\/wp-content\/uploads\/2018\/02\/Foto_CarlosBarrosa.jpg\",\"datePublished\":\"2018-02-08T08:40:20+00:00\",\"breadcrumb\":{\"@id\":\"https:\/\/www.voltfer.es\/en\/carlos-barrosa-nueva-incorporacion-al-departamento-comercial-voltfer\/#breadcrumb\"},\"inLanguage\":\"en-US\",\"potentialAction\":[{\"@type\":\"ReadAction\",\"target\":[\"https:\/\/www.voltfer.es\/en\/carlos-barrosa-nueva-incorporacion-al-departamento-comercial-voltfer\/\"]}]},{\"@type\":\"ImageObject\",\"inLanguage\":\"en-US\",\"@id\":\"https:\/\/www.voltfer.es\/en\/carlos-barrosa-nueva-incorporacion-al-departamento-comercial-voltfer\/#primaryimage\",\"url\":\"https:\/\/www.voltfer.es\/wp-content\/uploads\/2018\/02\/Foto_CarlosBarrosa.jpg\",\"contentUrl\":\"https:\/\/www.voltfer.es\/wp-content\/uploads\/2018\/02\/Foto_CarlosBarrosa.jpg\",\"width\":800,\"height\":787},{\"@type\":\"BreadcrumbList\",\"@id\":\"https:\/\/www.voltfer.es\/en\/carlos-barrosa-nueva-incorporacion-al-departamento-comercial-voltfer\/#breadcrumb\",\"itemListElement\":[{\"@type\":\"ListItem\",\"position\":1,\"name\":\"Portada\",\"item\":\"http:\/\/www.voltfer.es\/\"},{\"@type\":\"ListItem\",\"position\":2,\"name\":\"Carlos barrosa, nueva incorporaci\u00f3n al departamento comercial de voltfer\"}]},{\"@type\":\"WebSite\",\"@id\":\"http:\/\/www.voltfer.es\/#website\",\"url\":\"http:\/\/www.voltfer.es\/\",\"name\":\"Energ\u00eda Eficiente | Voltfer\",\"description\":\"Keeping you Cool, in Every Step\",\"publisher\":{\"@id\":\"http:\/\/www.voltfer.es\/#organization\"},\"potentialAction\":[{\"@type\":\"SearchAction\",\"target\":{\"@type\":\"EntryPoint\",\"urlTemplate\":\"http:\/\/www.voltfer.es\/?s={search_term_string}\"},\"query-input\":{\"@type\":\"PropertyValueSpecification\",\"valueRequired\":true,\"valueName\":\"search_term_string\"}}],\"inLanguage\":\"en-US\"},{\"@type\":\"Organization\",\"@id\":\"http:\/\/www.voltfer.es\/#organization\",\"name\":\"Voltfer\",\"url\":\"http:\/\/www.voltfer.es\/\",\"logo\":{\"@type\":\"ImageObject\",\"inLanguage\":\"en-US\",\"@id\":\"http:\/\/www.voltfer.es\/#\/schema\/logo\/image\/\",\"url\":\"https:\/\/www.voltfer.es\/wp-content\/uploads\/2017\/04\/Voltferlogo.png\",\"contentUrl\":\"https:\/\/www.voltfer.es\/wp-content\/uploads\/2017\/04\/Voltferlogo.png\",\"width\":500,\"height\":185,\"caption\":\"Voltfer\"},\"image\":{\"@id\":\"http:\/\/www.voltfer.es\/#\/schema\/logo\/image\/\"}},{\"@type\":\"Person\",\"@id\":\"http:\/\/www.voltfer.es\/#\/schema\/person\/b9ea9f47006fa3e42833985703450910\",\"name\":\"Voltfer\",\"image\":{\"@type\":\"ImageObject\",\"inLanguage\":\"en-US\",\"@id\":\"http:\/\/www.voltfer.es\/#\/schema\/person\/image\/\",\"url\":\"https:\/\/secure.gravatar.com\/avatar\/b9cd669a96d3181d6888d98f1e4cd3f1?s=96&d=mm&r=g\",\"contentUrl\":\"https:\/\/secure.gravatar.com\/avatar\/b9cd669a96d3181d6888d98f1e4cd3f1?s=96&d=mm&r=g\",\"caption\":\"Voltfer\"},\"url\":\"https:\/\/www.voltfer.es\/en\/author\/admin\/\"}]}<\/script>\n<!-- \/ Yoast SEO plugin. -->","yoast_head_json":{"title":"Carlos barrosa, nueva incorporaci\u00f3n al departamento comercial de voltfer | Energ\u00eda Eficiente | Voltfer","robots":{"index":"index","follow":"follow","max-snippet":"max-snippet:-1","max-image-preview":"max-image-preview:large","max-video-preview":"max-video-preview:-1"},"canonical":"https:\/\/www.voltfer.es\/en\/carlos-barrosa-nueva-incorporacion-al-departamento-comercial-voltfer\/","og_locale":"en_US","og_type":"article","og_title":"Carlos barrosa, nueva incorporaci\u00f3n al departamento comercial de voltfer | Energ\u00eda Eficiente | Voltfer","og_description":"En Voltfer seguimos ampliando nuestro equipo con la incorporaci\u00f3n a nuestro departamento comercial de Carlos Barrosa. Ingeniero industrial con un curr\u00edculum de m\u00e1s 12 a\u00f1os de experiencia en Ventas dentro del sector de las energ\u00edas renovables, tanto en el \u00e1mbito nacional como internacional, Carlos Barrosa suma a nuestro proyecto su formaci\u00f3n t\u00e9cnica y su experiencia [&hellip;]","og_url":"https:\/\/www.voltfer.es\/en\/carlos-barrosa-nueva-incorporacion-al-departamento-comercial-voltfer\/","og_site_name":"Energ\u00eda Eficiente | Voltfer","article_published_time":"2018-02-08T08:40:20+00:00","og_image":[{"width":800,"height":787,"url":"https:\/\/www.voltfer.es\/wp-content\/uploads\/2018\/02\/Foto_CarlosBarrosa.jpg","type":"image\/jpeg"}],"author":"Voltfer","twitter_card":"summary_large_image","twitter_misc":{"Written by":"Voltfer","Est. reading time":"1 minute"},"schema":{"@context":"https:\/\/schema.org","@graph":[{"@type":"Article","@id":"https:\/\/www.voltfer.es\/en\/carlos-barrosa-nueva-incorporacion-al-departamento-comercial-voltfer\/#article","isPartOf":{"@id":"https:\/\/www.voltfer.es\/en\/carlos-barrosa-nueva-incorporacion-al-departamento-comercial-voltfer\/"},"author":{"name":"Voltfer","@id":"http:\/\/www.voltfer.es\/#\/schema\/person\/b9ea9f47006fa3e42833985703450910"},"headline":"Carlos barrosa, nueva incorporaci\u00f3n al departamento comercial de voltfer","datePublished":"2018-02-08T08:40:20+00:00","mainEntityOfPage":{"@id":"https:\/\/www.voltfer.es\/en\/carlos-barrosa-nueva-incorporacion-al-departamento-comercial-voltfer\/"},"wordCount":209,"commentCount":0,"publisher":{"@id":"http:\/\/www.voltfer.es\/#organization"},"image":{"@id":"https:\/\/www.voltfer.es\/en\/carlos-barrosa-nueva-incorporacion-al-departamento-comercial-voltfer\/#primaryimage"},"thumbnailUrl":"https:\/\/www.voltfer.es\/wp-content\/uploads\/2018\/02\/Foto_CarlosBarrosa.jpg","articleSection":["Noticias"],"inLanguage":"en-US","potentialAction":[{"@type":"CommentAction","name":"Comment","target":["https:\/\/www.voltfer.es\/en\/carlos-barrosa-nueva-incorporacion-al-departamento-comercial-voltfer\/#respond"]}]},{"@type":"WebPage","@id":"https:\/\/www.voltfer.es\/en\/carlos-barrosa-nueva-incorporacion-al-departamento-comercial-voltfer\/","url":"https:\/\/www.voltfer.es\/en\/carlos-barrosa-nueva-incorporacion-al-departamento-comercial-voltfer\/","name":"Carlos barrosa, nueva incorporaci\u00f3n al departamento comercial de voltfer | Energ\u00eda Eficiente | Voltfer","isPartOf":{"@id":"http:\/\/www.voltfer.es\/#website"},"primaryImageOfPage":{"@id":"https:\/\/www.voltfer.es\/en\/carlos-barrosa-nueva-incorporacion-al-departamento-comercial-voltfer\/#primaryimage"},"image":{"@id":"https:\/\/www.voltfer.es\/en\/carlos-barrosa-nueva-incorporacion-al-departamento-comercial-voltfer\/#primaryimage"},"thumbnailUrl":"https:\/\/www.voltfer.es\/wp-content\/uploads\/2018\/02\/Foto_CarlosBarrosa.jpg","datePublished":"2018-02-08T08:40:20+00:00","breadcrumb":{"@id":"https:\/\/www.voltfer.es\/en\/carlos-barrosa-nueva-incorporacion-al-departamento-comercial-voltfer\/#breadcrumb"},"inLanguage":"en-US","potentialAction":[{"@type":"ReadAction","target":["https:\/\/www.voltfer.es\/en\/carlos-barrosa-nueva-incorporacion-al-departamento-comercial-voltfer\/"]}]},{"@type":"ImageObject","inLanguage":"en-US","@id":"https:\/\/www.voltfer.es\/en\/carlos-barrosa-nueva-incorporacion-al-departamento-comercial-voltfer\/#primaryimage","url":"https:\/\/www.voltfer.es\/wp-content\/uploads\/2018\/02\/Foto_CarlosBarrosa.jpg","contentUrl":"https:\/\/www.voltfer.es\/wp-content\/uploads\/2018\/02\/Foto_CarlosBarrosa.jpg","width":800,"height":787},{"@type":"BreadcrumbList","@id":"https:\/\/www.voltfer.es\/en\/carlos-barrosa-nueva-incorporacion-al-departamento-comercial-voltfer\/#breadcrumb","itemListElement":[{"@type":"ListItem","position":1,"name":"Portada","item":"http:\/\/www.voltfer.es\/"},{"@type":"ListItem","position":2,"name":"Carlos barrosa, nueva incorporaci\u00f3n al departamento comercial de voltfer"}]},{"@type":"WebSite","@id":"http:\/\/www.voltfer.es\/#website","url":"http:\/\/www.voltfer.es\/","name":"Energ\u00eda Eficiente | Voltfer","description":"Keeping you Cool, in Every Step","publisher":{"@id":"http:\/\/www.voltfer.es\/#organization"},"potentialAction":[{"@type":"SearchAction","target":{"@type":"EntryPoint","urlTemplate":"http:\/\/www.voltfer.es\/?s={search_term_string}"},"query-input":{"@type":"PropertyValueSpecification","valueRequired":true,"valueName":"search_term_string"}}],"inLanguage":"en-US"},{"@type":"Organization","@id":"http:\/\/www.voltfer.es\/#organization","name":"Voltfer","url":"http:\/\/www.voltfer.es\/","logo":{"@type":"ImageObject","inLanguage":"en-US","@id":"http:\/\/www.voltfer.es\/#\/schema\/logo\/image\/","url":"https:\/\/www.voltfer.es\/wp-content\/uploads\/2017\/04\/Voltferlogo.png","contentUrl":"https:\/\/www.voltfer.es\/wp-content\/uploads\/2017\/04\/Voltferlogo.png","width":500,"height":185,"caption":"Voltfer"},"image":{"@id":"http:\/\/www.voltfer.es\/#\/schema\/logo\/image\/"}},{"@type":"Person","@id":"http:\/\/www.voltfer.es\/#\/schema\/person\/b9ea9f47006fa3e42833985703450910","name":"Voltfer","image":{"@type":"ImageObject","inLanguage":"en-US","@id":"http:\/\/www.voltfer.es\/#\/schema\/person\/image\/","url":"https:\/\/secure.gravatar.com\/avatar\/b9cd669a96d3181d6888d98f1e4cd3f1?s=96&d=mm&r=g","contentUrl":"https:\/\/secure.gravatar.com\/avatar\/b9cd669a96d3181d6888d98f1e4cd3f1?s=96&d=mm&r=g","caption":"Voltfer"},"url":"https:\/\/www.voltfer.es\/en\/author\/admin\/"}]}},"_links":{"self":[{"href":"https:\/\/www.voltfer.es\/en\/wp-json\/wp\/v2\/posts\/213","targetHints":{"allow":["GET"]}}],"collection":[{"href":"https:\/\/www.voltfer.es\/en\/wp-json\/wp\/v2\/posts"}],"about":[{"href":"https:\/\/www.voltfer.es\/en\/wp-json\/wp\/v2\/types\/post"}],"author":[{"embeddable":true,"href":"https:\/\/www.voltfer.es\/en\/wp-json\/wp\/v2\/users\/1"}],"replies":[{"embeddable":true,"href":"https:\/\/www.voltfer.es\/en\/wp-json\/wp\/v2\/comments?post=213"}],"version-history":[{"count":1,"href":"https:\/\/www.voltfer.es\/en\/wp-json\/wp\/v2\/posts\/213\/revisions"}],"predecessor-version":[{"id":215,"href":"https:\/\/www.voltfer.es\/en\/wp-json\/wp\/v2\/posts\/213\/revisions\/215"}],"wp:featuredmedia":[{"embeddable":true,"href":"https:\/\/www.voltfer.es\/en\/wp-json\/wp\/v2\/media\/214"}],"wp:attachment":[{"href":"https:\/\/www.voltfer.es\/en\/wp-json\/wp\/v2\/media?parent=213"}],"wp:term":[{"taxonomy":"category","embeddable":true,"href":"https:\/\/www.voltfer.es\/en\/wp-json\/wp\/v2\/categories?post=213"},{"taxonomy":"post_tag","embeddable":true,"href":"https:\/\/www.voltfer.es\/en\/wp-json\/wp\/v2\/tags?post=213"}],"curies":[{"name":"wp","href":"https:\/\/api.w.org\/{rel}","templated":true}]}}