{"id":407,"date":"2023-02-22T11:16:59","date_gmt":"2023-02-22T10:16:59","guid":{"rendered":"http:\/\/www.voltfer.es\/?p=407"},"modified":"2023-02-22T11:16:59","modified_gmt":"2023-02-22T10:16:59","slug":"ctag-apuesta-la-energia-fotovoltaica-la-mano-voltfer","status":"publish","type":"post","link":"http:\/\/www.voltfer.es\/en\/ctag-apuesta-la-energia-fotovoltaica-la-mano-voltfer\/","title":{"rendered":"CTAG bet by the pv of the hand of Voltfer"},"content":{"rendered":"<ul>\n<li><strong>La firma del Grupo Alvari\u00f1o ha acometido la instalaci\u00f3n de autoconsumo en las cubiertas del Centro Tecnol\u00f3gico de Automoci\u00f3n de Galicia en O Porri\u00f1o, al que suministrar\u00e1 energ\u00eda renovable a trav\u00e9s de un acuerdo PPA <\/strong><\/li>\n<li><strong>La planta fotovoltaica est\u00e1 integrada por 573 paneles solares que permiten generar 346.504 kWh, cubriendo ya el 6% de las necesidades de consumo de energ\u00eda de este complejo tecnol\u00f3gico e industrial<\/strong><\/li>\n<li><strong>Con esta instalaci\u00f3n, CTAG contribuir\u00e1 a una reducci\u00f3n en la emisi\u00f3n de gases efecto invernadero de casi 125 toneladas de CO2 al a\u00f1o<\/strong><\/li>\n<li><strong>El sector industrial gallego y la automoci\u00f3n est\u00e1n apostando por las renovables en el marco de un consenso empresarial cada vez mayor hacia los modelos sostenibles y ante la subida exponencial de los costes energ\u00e9ticos<\/strong><\/li>\n<\/ul>\n<p><strong>Vigo, 22 de febrero de 2023.-<\/strong> El Centro Tecnol\u00f3gico de Automoci\u00f3n de Galicia (CTAG) avanza en la transici\u00f3n energ\u00e9tica a las renovables con la instalaci\u00f3n de una planta fotovoltaica en su complejo de O Porri\u00f1o. Se trata de una apuesta alineada con el compromiso con la sostenibilidad y la tecnolog\u00eda que gu\u00eda sus desarrollos en el sector del autom\u00f3vil, que ahora se ampl\u00eda para abarcar la energ\u00eda que utiliza en sus procesos industriales. Para ello, CTAG ha elegido ir de la mano de Voltfer, divisi\u00f3n de renovables del Grupo Alvari\u00f1o, que ha acometido la inversi\u00f3n en la instalaci\u00f3n de esta fotovoltaica que suministrar\u00e1 energ\u00eda al Centro Tecnol\u00f3gico a trav\u00e9s de un acuerdo de PPA (Acuerdo de Compra de Energ\u00eda, por sus siglas en ingl\u00e9s) por el que CTAG se beneficiar\u00e1 de un precio de la energ\u00eda muy inferior al del mercado. As\u00ed lo han rubricado hoy el director de CTAG, Luis Moreno, y el presidente del Grupo Alvari\u00f1o, Jos\u00e9 Manuel Fern\u00e1ndez Alvari\u00f1o.<\/p>\n<p><img fetchpriority=\"high\" decoding=\"async\" class=\"wp-image-403 alignleft\" src=\"http:\/\/www.voltfer.es\/wp-content\/uploads\/2023\/02\/Exterior-JMFdezAlvari\u00f1o-y-LMoreno-1024x967.jpg\" alt=\"\" width=\"489\" height=\"462\" srcset=\"http:\/\/www.voltfer.es\/wp-content\/uploads\/2023\/02\/Exterior-JMFdezAlvari\u00f1o-y-LMoreno-1024x967.jpg 1024w, http:\/\/www.voltfer.es\/wp-content\/uploads\/2023\/02\/Exterior-JMFdezAlvari\u00f1o-y-LMoreno-300x283.jpg 300w, http:\/\/www.voltfer.es\/wp-content\/uploads\/2023\/02\/Exterior-JMFdezAlvari\u00f1o-y-LMoreno-768x725.jpg 768w, http:\/\/www.voltfer.es\/wp-content\/uploads\/2023\/02\/Exterior-JMFdezAlvari\u00f1o-y-LMoreno-155x146.jpg 155w, http:\/\/www.voltfer.es\/wp-content\/uploads\/2023\/02\/Exterior-JMFdezAlvari\u00f1o-y-LMoreno-50x47.jpg 50w, http:\/\/www.voltfer.es\/wp-content\/uploads\/2023\/02\/Exterior-JMFdezAlvari\u00f1o-y-LMoreno-79x75.jpg 79w, http:\/\/www.voltfer.es\/wp-content\/uploads\/2023\/02\/Exterior-JMFdezAlvari\u00f1o-y-LMoreno.jpg 1512w\" sizes=\"(max-width: 489px) 100vw, 489px\" \/><\/p>\n<p>La instalaci\u00f3n integra sistemas de \u00faltima generaci\u00f3n en tecnolog\u00eda fotovoltaica. En total, suma 573 paneles solares y 3 inversores que aportan 312kW de potencia y permiten obtener 346.504 kWh, que ya cubren el 6% de la energ\u00eda que emplea la planta. Al ahorro en los costes energ\u00e9ticos se suma el beneficio ambiental por la reducci\u00f3n de la huella de carbono, evitando la emisi\u00f3n de m\u00e1s de 125 toneladas de CO2 al a\u00f1o.<\/p>\n<p>El director de CTAG, Luis Moreno, manifest\u00f3 a la firma de este acuerdo que \u201ccon la instalaci\u00f3n de la planta fotovoltaica de Voltfer, en CTAG continuamos consolid\u00e1ndonos \u00a0como una compa\u00f1\u00eda que apuesta por la sostenibilidad y las energ\u00edas limpias, tanto en el desarrollo de proyectos propios como en su aplicaci\u00f3n en nuestros sistemas e instalaciones, lo que nos ayuda a ahorrar costes y a reafirmar nuestro posicionamiento como empresa responsable y comprometida con el medio ambiente\u201d.<\/p>\n<p>Por su parte, el presidente del Grupo Alvari\u00f1o, Jos\u00e9 Manuel Fern\u00e1ndez Alvari\u00f1o, quiso agradecer la confianza depositada en Voltfer por el Centro Tecnol\u00f3gico de Automoci\u00f3n de Galicia, \u201cuna confianza que avala el compromiso de la firma del Grupo Alvari\u00f1o con la calidad y con la tecnolog\u00eda m\u00e1s puntera en sus instalaciones fotovoltaicas de autoconsumo\u201d.<\/p>\n<p>&nbsp;<\/p>\n<p><strong>El sector industrial, hacia la autogeneraci\u00f3n con fotovoltaica<\/strong><\/p>\n<p>El sector industrial gallego est\u00e1 confiando de manera decidida en el autoconsumo fotovoltaico como principal aliado para reducir su dependencia energ\u00e9tica y mitigar el impacto de la subida de los precios de la electricidad. Se trata de una apuesta por la sostenibilidad, abordando la transici\u00f3n energ\u00e9tica de la mano de una fuente de energ\u00eda renovable y no contaminante, la energ\u00eda solar fotovoltaica, que adem\u00e1s permite grandes ahorros desde el primer momento y una amortizaci\u00f3n a corto plazo de las inversiones realizadas, m\u00e1xime en el contexto de crecimiento exponencial del coste de la luz y en complejos fabriles con elevados consumos.<\/p>\n<p>En el sector del autom\u00f3vil, esta apuesta se ha acelerado en los \u00faltimos meses y en todos los eslabones de la cadena del sector, tanto en las plantas de las propias marcas como en sus auxiliares, as\u00ed como en establecimientos de la red comercial, que suelen tambi\u00e9n ocupar naves con amplias cubiertas muy favorables para este tipo de instalaciones.<\/p>\n<p><img decoding=\"async\" class=\"size-large wp-image-405\" src=\"http:\/\/www.voltfer.es\/wp-content\/uploads\/2023\/02\/Vista-instalaci\u00f3n-2-b-1024x451.jpg\" alt=\"\" width=\"1024\" height=\"451\" srcset=\"http:\/\/www.voltfer.es\/wp-content\/uploads\/2023\/02\/Vista-instalaci\u00f3n-2-b-1024x451.jpg 1024w, http:\/\/www.voltfer.es\/wp-content\/uploads\/2023\/02\/Vista-instalaci\u00f3n-2-b-300x132.jpg 300w, http:\/\/www.voltfer.es\/wp-content\/uploads\/2023\/02\/Vista-instalaci\u00f3n-2-b-768x338.jpg 768w, http:\/\/www.voltfer.es\/wp-content\/uploads\/2023\/02\/Vista-instalaci\u00f3n-2-b-260x114.jpg 260w, http:\/\/www.voltfer.es\/wp-content\/uploads\/2023\/02\/Vista-instalaci\u00f3n-2-b-50x22.jpg 50w, http:\/\/www.voltfer.es\/wp-content\/uploads\/2023\/02\/Vista-instalaci\u00f3n-2-b-150x66.jpg 150w, http:\/\/www.voltfer.es\/wp-content\/uploads\/2023\/02\/Vista-instalaci\u00f3n-2-b.jpg 1920w\" sizes=\"(max-width: 1024px) 100vw, 1024px\" \/><\/p>\n<p><strong>Sobre CTAG<\/strong><\/p>\n<p>CTAG, Centro Tecnol\u00f3gico de Automoci\u00f3n de Galicia, tiene vocaci\u00f3n de ofrecer soluciones tecnol\u00f3gicas avanzadas al sector del autom\u00f3vil. Apoya a las industrias del sector en general en su modernizaci\u00f3n y adaptaci\u00f3n a las nuevas tecnolog\u00edas en sus productos y procesos de fabricaci\u00f3n. CTAG cuenta con recursos humanos altamente cualificados e instalaciones de vanguardia, y est\u00e1 presente en todo el proceso de desarrollo producto-proceso, desde las fases iniciales de la investigaci\u00f3n avanzada hasta la validaci\u00f3n. CTAG orienta sus actividades de I+D+i principalmente a los procesos industriales 4.0, los nuevos materiales, el veh\u00edculo el\u00e9ctrico y nuevas motorizaciones, el confort avanzado, y se posiciona como centro de referencia europeo para el coche aut\u00f3nomo y conectado.<\/p>\n<p><strong>Sobre Voltfer<\/strong><\/p>\n<p>Voltfer es la divisi\u00f3n del Grupo Alvari\u00f1o especializada en soluciones en energ\u00edas renovables, con acreditada experiencia en instalaciones fotovoltaicas para empresas, industrias y segmento residencial. Con m\u00e1s de 15 a\u00f1os de trayectoria en el sector y un equipo altamente cualificado, promueve y ejecuta instalaciones fotovoltaicas llave en mano, desde el dise\u00f1o inicial hasta la puesta en marcha de las mismas. La firma ha sido distinguida con el indicador ARD\u00c1N de Gacela en 2021 por su crecimiento en los \u00faltimos ejercicios.<\/p>\n<p><img decoding=\"async\" class=\"size-large wp-image-402 aligncenter\" src=\"http:\/\/www.voltfer.es\/wp-content\/uploads\/2023\/02\/J-MRR123_cartel_publicidade_c7-1024x728.jpg\" alt=\"\" width=\"1024\" height=\"728\" srcset=\"http:\/\/www.voltfer.es\/wp-content\/uploads\/2023\/02\/J-MRR123_cartel_publicidade_c7-1024x728.jpg 1024w, http:\/\/www.voltfer.es\/wp-content\/uploads\/2023\/02\/J-MRR123_cartel_publicidade_c7-300x213.jpg 300w, http:\/\/www.voltfer.es\/wp-content\/uploads\/2023\/02\/J-MRR123_cartel_publicidade_c7-768x546.jpg 768w, http:\/\/www.voltfer.es\/wp-content\/uploads\/2023\/02\/J-MRR123_cartel_publicidade_c7-205x146.jpg 205w, http:\/\/www.voltfer.es\/wp-content\/uploads\/2023\/02\/J-MRR123_cartel_publicidade_c7-50x36.jpg 50w, http:\/\/www.voltfer.es\/wp-content\/uploads\/2023\/02\/J-MRR123_cartel_publicidade_c7-106x75.jpg 106w\" sizes=\"(max-width: 1024px) 100vw, 1024px\" \/><\/p>","protected":false},"excerpt":{"rendered":"<p>La firma del Grupo Alvari\u00f1o ha acometido la instalaci\u00f3n de autoconsumo en las cubiertas del Centro Tecnol\u00f3gico de Automoci\u00f3n de Galicia en O Porri\u00f1o, al que suministrar\u00e1 energ\u00eda renovable a trav\u00e9s de un acuerdo PPA La planta fotovoltaica est\u00e1 integrada por 573 paneles solares que permiten generar 346.504 kWh, cubriendo ya el 6% de las [&hellip;]<\/p>","protected":false},"author":4,"featured_media":404,"comment_status":"open","ping_status":"open","sticky":false,"template":"","format":"standard","meta":{"site-sidebar-layout":"default","site-content-layout":"","ast-site-content-layout":"default","site-content-style":"default","site-sidebar-style":"default","ast-global-header-display":"","ast-banner-title-visibility":"","ast-main-header-display":"","ast-hfb-above-header-display":"","ast-hfb-below-header-display":"","ast-hfb-mobile-header-display":"","site-post-title":"","ast-breadcrumbs-content":"","ast-featured-img":"","footer-sml-layout":"","theme-transparent-header-meta":"","adv-header-id-meta":"","stick-header-meta":"","header-above-stick-meta":"","header-main-stick-meta":"","header-below-stick-meta":"","astra-migrate-meta-layouts":"default","ast-page-background-enabled":"default","ast-page-background-meta":{"desktop":{"background-color":"","background-image":"","background-repeat":"repeat","background-position":"center center","background-size":"auto","background-attachment":"scroll","background-type":"","background-media":"","overlay-type":"","overlay-color":"","overlay-opacity":"","overlay-gradient":""},"tablet":{"background-color":"","background-image":"","background-repeat":"repeat","background-position":"center center","background-size":"auto","background-attachment":"scroll","background-type":"","background-media":"","overlay-type":"","overlay-color":"","overlay-opacity":"","overlay-gradient":""},"mobile":{"background-color":"","background-image":"","background-repeat":"repeat","background-position":"center center","background-size":"auto","background-attachment":"scroll","background-type":"","background-media":"","overlay-type":"","overlay-color":"","overlay-opacity":"","overlay-gradient":""}},"ast-content-background-meta":{"desktop":{"background-color":"var(--ast-global-color-5)","background-image":"","background-repeat":"repeat","background-position":"center center","background-size":"auto","background-attachment":"scroll","background-type":"","background-media":"","overlay-type":"","overlay-color":"","overlay-opacity":"","overlay-gradient":""},"tablet":{"background-color":"var(--ast-global-color-5)","background-image":"","background-repeat":"repeat","background-position":"center center","background-size":"auto","background-attachment":"scroll","background-type":"","background-media":"","overlay-type":"","overlay-color":"","overlay-opacity":"","overlay-gradient":""},"mobile":{"background-color":"var(--ast-global-color-5)","background-image":"","background-repeat":"repeat","background-position":"center center","background-size":"auto","background-attachment":"scroll","background-type":"","background-media":"","overlay-type":"","overlay-color":"","overlay-opacity":"","overlay-gradient":""}},"footnotes":""},"categories":[1],"tags":[6,5,18,14],"class_list":["post-407","post","type-post","status-publish","format-standard","has-post-thumbnail","hentry","category-noticias-energeticas-galicia","tag-energias-renovables","tag-fotovoltaica","tag-empresas","tag-transicion-energetica"],"yoast_head":"<!-- This site is optimized with the Yoast SEO plugin v25.4 - https:\/\/yoast.com\/wordpress\/plugins\/seo\/ -->\n<title>CTAG apuesta por la energ\u00eda fotovoltaica de la mano de Voltfer | Energ\u00eda Eficiente | Voltfer<\/title>\n<meta name=\"robots\" content=\"index, follow, max-snippet:-1, max-image-preview:large, max-video-preview:-1\" \/>\n<link rel=\"canonical\" href=\"http:\/\/www.voltfer.es\/en\/ctag-apuesta-la-energia-fotovoltaica-la-mano-voltfer\/\" \/>\n<meta property=\"og:locale\" content=\"en_US\" \/>\n<meta property=\"og:type\" content=\"article\" \/>\n<meta property=\"og:title\" content=\"CTAG apuesta por la energ\u00eda fotovoltaica de la mano de Voltfer | Energ\u00eda Eficiente | Voltfer\" \/>\n<meta property=\"og:description\" content=\"La firma del Grupo Alvari\u00f1o ha acometido la instalaci\u00f3n de autoconsumo en las cubiertas del Centro Tecnol\u00f3gico de Automoci\u00f3n de Galicia en O Porri\u00f1o, al que suministrar\u00e1 energ\u00eda renovable a trav\u00e9s de un acuerdo PPA La planta fotovoltaica est\u00e1 integrada por 573 paneles solares que permiten generar 346.504 kWh, cubriendo ya el 6% de las [&hellip;]\" \/>\n<meta property=\"og:url\" content=\"http:\/\/www.voltfer.es\/en\/ctag-apuesta-la-energia-fotovoltaica-la-mano-voltfer\/\" \/>\n<meta property=\"og:site_name\" content=\"Energ\u00eda Eficiente | Voltfer\" \/>\n<meta property=\"article:published_time\" content=\"2023-02-22T10:16:59+00:00\" \/>\n<meta property=\"og:image\" content=\"http:\/\/www.voltfer.es\/wp-content\/uploads\/2023\/02\/Vista-instalaci\u00f3n-1-b.jpg\" \/>\n\t<meta property=\"og:image:width\" content=\"1920\" \/>\n\t<meta property=\"og:image:height\" content=\"1080\" \/>\n\t<meta property=\"og:image:type\" content=\"image\/jpeg\" \/>\n<meta name=\"author\" content=\"Omayra\" \/>\n<meta name=\"twitter:card\" content=\"summary_large_image\" \/>\n<meta name=\"twitter:label1\" content=\"Written by\" \/>\n\t<meta name=\"twitter:data1\" content=\"Omayra\" \/>\n\t<meta name=\"twitter:label2\" content=\"Est. reading time\" \/>\n\t<meta name=\"twitter:data2\" content=\"5 minutes\" \/>\n<script type=\"application\/ld+json\" class=\"yoast-schema-graph\">{\"@context\":\"https:\/\/schema.org\",\"@graph\":[{\"@type\":\"Article\",\"@id\":\"http:\/\/www.voltfer.es\/en\/ctag-apuesta-la-energia-fotovoltaica-la-mano-voltfer\/#article\",\"isPartOf\":{\"@id\":\"http:\/\/www.voltfer.es\/en\/ctag-apuesta-la-energia-fotovoltaica-la-mano-voltfer\/\"},\"author\":{\"name\":\"Omayra\",\"@id\":\"http:\/\/www.voltfer.es\/#\/schema\/person\/08d703708869cc341d6fb36f222d6166\"},\"headline\":\"CTAG apuesta por la energ\u00eda fotovoltaica de la mano de Voltfer\",\"datePublished\":\"2023-02-22T10:16:59+00:00\",\"mainEntityOfPage\":{\"@id\":\"http:\/\/www.voltfer.es\/en\/ctag-apuesta-la-energia-fotovoltaica-la-mano-voltfer\/\"},\"wordCount\":947,\"commentCount\":0,\"publisher\":{\"@id\":\"http:\/\/www.voltfer.es\/#organization\"},\"image\":{\"@id\":\"http:\/\/www.voltfer.es\/en\/ctag-apuesta-la-energia-fotovoltaica-la-mano-voltfer\/#primaryimage\"},\"thumbnailUrl\":\"http:\/\/www.voltfer.es\/wp-content\/uploads\/2023\/02\/Vista-instalaci\u00f3n-1-b.jpg\",\"keywords\":[\"#energ\u00edas renovables\",\"#fotovoltaica\",\"empresas\",\"transici\u00f3n energ\u00e9tica\"],\"articleSection\":[\"Noticias\"],\"inLanguage\":\"en-US\",\"potentialAction\":[{\"@type\":\"CommentAction\",\"name\":\"Comment\",\"target\":[\"http:\/\/www.voltfer.es\/en\/ctag-apuesta-la-energia-fotovoltaica-la-mano-voltfer\/#respond\"]}]},{\"@type\":\"WebPage\",\"@id\":\"http:\/\/www.voltfer.es\/en\/ctag-apuesta-la-energia-fotovoltaica-la-mano-voltfer\/\",\"url\":\"http:\/\/www.voltfer.es\/en\/ctag-apuesta-la-energia-fotovoltaica-la-mano-voltfer\/\",\"name\":\"CTAG apuesta por la energ\u00eda fotovoltaica de la mano de Voltfer | Energ\u00eda Eficiente | Voltfer\",\"isPartOf\":{\"@id\":\"http:\/\/www.voltfer.es\/#website\"},\"primaryImageOfPage\":{\"@id\":\"http:\/\/www.voltfer.es\/en\/ctag-apuesta-la-energia-fotovoltaica-la-mano-voltfer\/#primaryimage\"},\"image\":{\"@id\":\"http:\/\/www.voltfer.es\/en\/ctag-apuesta-la-energia-fotovoltaica-la-mano-voltfer\/#primaryimage\"},\"thumbnailUrl\":\"http:\/\/www.voltfer.es\/wp-content\/uploads\/2023\/02\/Vista-instalaci\u00f3n-1-b.jpg\",\"datePublished\":\"2023-02-22T10:16:59+00:00\",\"breadcrumb\":{\"@id\":\"http:\/\/www.voltfer.es\/en\/ctag-apuesta-la-energia-fotovoltaica-la-mano-voltfer\/#breadcrumb\"},\"inLanguage\":\"en-US\",\"potentialAction\":[{\"@type\":\"ReadAction\",\"target\":[\"http:\/\/www.voltfer.es\/en\/ctag-apuesta-la-energia-fotovoltaica-la-mano-voltfer\/\"]}]},{\"@type\":\"ImageObject\",\"inLanguage\":\"en-US\",\"@id\":\"http:\/\/www.voltfer.es\/en\/ctag-apuesta-la-energia-fotovoltaica-la-mano-voltfer\/#primaryimage\",\"url\":\"http:\/\/www.voltfer.es\/wp-content\/uploads\/2023\/02\/Vista-instalaci\u00f3n-1-b.jpg\",\"contentUrl\":\"http:\/\/www.voltfer.es\/wp-content\/uploads\/2023\/02\/Vista-instalaci\u00f3n-1-b.jpg\",\"width\":1920,\"height\":1080,\"caption\":\"DCIM100MEDIADJI_0028.JPG\"},{\"@type\":\"BreadcrumbList\",\"@id\":\"http:\/\/www.voltfer.es\/en\/ctag-apuesta-la-energia-fotovoltaica-la-mano-voltfer\/#breadcrumb\",\"itemListElement\":[{\"@type\":\"ListItem\",\"position\":1,\"name\":\"Portada\",\"item\":\"http:\/\/www.voltfer.es\/\"},{\"@type\":\"ListItem\",\"position\":2,\"name\":\"CTAG apuesta por la energ\u00eda fotovoltaica de la mano de Voltfer\"}]},{\"@type\":\"WebSite\",\"@id\":\"http:\/\/www.voltfer.es\/#website\",\"url\":\"http:\/\/www.voltfer.es\/\",\"name\":\"Energ\u00eda Eficiente | Voltfer\",\"description\":\"Keeping you Cool, in Every Step\",\"publisher\":{\"@id\":\"http:\/\/www.voltfer.es\/#organization\"},\"potentialAction\":[{\"@type\":\"SearchAction\",\"target\":{\"@type\":\"EntryPoint\",\"urlTemplate\":\"http:\/\/www.voltfer.es\/?s={search_term_string}\"},\"query-input\":{\"@type\":\"PropertyValueSpecification\",\"valueRequired\":true,\"valueName\":\"search_term_string\"}}],\"inLanguage\":\"en-US\"},{\"@type\":\"Organization\",\"@id\":\"http:\/\/www.voltfer.es\/#organization\",\"name\":\"Voltfer\",\"url\":\"http:\/\/www.voltfer.es\/\",\"logo\":{\"@type\":\"ImageObject\",\"inLanguage\":\"en-US\",\"@id\":\"http:\/\/www.voltfer.es\/#\/schema\/logo\/image\/\",\"url\":\"http:\/\/www.voltfer.es\/wp-content\/uploads\/2017\/04\/Voltferlogo.png\",\"contentUrl\":\"http:\/\/www.voltfer.es\/wp-content\/uploads\/2017\/04\/Voltferlogo.png\",\"width\":500,\"height\":185,\"caption\":\"Voltfer\"},\"image\":{\"@id\":\"http:\/\/www.voltfer.es\/#\/schema\/logo\/image\/\"}},{\"@type\":\"Person\",\"@id\":\"http:\/\/www.voltfer.es\/#\/schema\/person\/08d703708869cc341d6fb36f222d6166\",\"name\":\"Omayra\",\"image\":{\"@type\":\"ImageObject\",\"inLanguage\":\"en-US\",\"@id\":\"http:\/\/www.voltfer.es\/#\/schema\/person\/image\/\",\"url\":\"https:\/\/secure.gravatar.com\/avatar\/671f4f057dc690f2b10440184209e8f2?s=96&d=mm&r=g\",\"contentUrl\":\"https:\/\/secure.gravatar.com\/avatar\/671f4f057dc690f2b10440184209e8f2?s=96&d=mm&r=g\",\"caption\":\"Omayra\"},\"url\":\"http:\/\/www.voltfer.es\/en\/author\/omayra\/\"}]}<\/script>\n<!-- \/ Yoast SEO plugin. -->","yoast_head_json":{"title":"CTAG apuesta por la energ\u00eda fotovoltaica de la mano de Voltfer | Energ\u00eda Eficiente | Voltfer","robots":{"index":"index","follow":"follow","max-snippet":"max-snippet:-1","max-image-preview":"max-image-preview:large","max-video-preview":"max-video-preview:-1"},"canonical":"http:\/\/www.voltfer.es\/en\/ctag-apuesta-la-energia-fotovoltaica-la-mano-voltfer\/","og_locale":"en_US","og_type":"article","og_title":"CTAG apuesta por la energ\u00eda fotovoltaica de la mano de Voltfer | Energ\u00eda Eficiente | Voltfer","og_description":"La firma del Grupo Alvari\u00f1o ha acometido la instalaci\u00f3n de autoconsumo en las cubiertas del Centro Tecnol\u00f3gico de Automoci\u00f3n de Galicia en O Porri\u00f1o, al que suministrar\u00e1 energ\u00eda renovable a trav\u00e9s de un acuerdo PPA La planta fotovoltaica est\u00e1 integrada por 573 paneles solares que permiten generar 346.504 kWh, cubriendo ya el 6% de las [&hellip;]","og_url":"http:\/\/www.voltfer.es\/en\/ctag-apuesta-la-energia-fotovoltaica-la-mano-voltfer\/","og_site_name":"Energ\u00eda Eficiente | Voltfer","article_published_time":"2023-02-22T10:16:59+00:00","og_image":[{"width":1920,"height":1080,"url":"http:\/\/www.voltfer.es\/wp-content\/uploads\/2023\/02\/Vista-instalaci\u00f3n-1-b.jpg","type":"image\/jpeg"}],"author":"Omayra","twitter_card":"summary_large_image","twitter_misc":{"Written by":"Omayra","Est. reading time":"5 minutes"},"schema":{"@context":"https:\/\/schema.org","@graph":[{"@type":"Article","@id":"http:\/\/www.voltfer.es\/en\/ctag-apuesta-la-energia-fotovoltaica-la-mano-voltfer\/#article","isPartOf":{"@id":"http:\/\/www.voltfer.es\/en\/ctag-apuesta-la-energia-fotovoltaica-la-mano-voltfer\/"},"author":{"name":"Omayra","@id":"http:\/\/www.voltfer.es\/#\/schema\/person\/08d703708869cc341d6fb36f222d6166"},"headline":"CTAG apuesta por la energ\u00eda fotovoltaica de la mano de Voltfer","datePublished":"2023-02-22T10:16:59+00:00","mainEntityOfPage":{"@id":"http:\/\/www.voltfer.es\/en\/ctag-apuesta-la-energia-fotovoltaica-la-mano-voltfer\/"},"wordCount":947,"commentCount":0,"publisher":{"@id":"http:\/\/www.voltfer.es\/#organization"},"image":{"@id":"http:\/\/www.voltfer.es\/en\/ctag-apuesta-la-energia-fotovoltaica-la-mano-voltfer\/#primaryimage"},"thumbnailUrl":"http:\/\/www.voltfer.es\/wp-content\/uploads\/2023\/02\/Vista-instalaci\u00f3n-1-b.jpg","keywords":["#energ\u00edas renovables","#fotovoltaica","empresas","transici\u00f3n energ\u00e9tica"],"articleSection":["Noticias"],"inLanguage":"en-US","potentialAction":[{"@type":"CommentAction","name":"Comment","target":["http:\/\/www.voltfer.es\/en\/ctag-apuesta-la-energia-fotovoltaica-la-mano-voltfer\/#respond"]}]},{"@type":"WebPage","@id":"http:\/\/www.voltfer.es\/en\/ctag-apuesta-la-energia-fotovoltaica-la-mano-voltfer\/","url":"http:\/\/www.voltfer.es\/en\/ctag-apuesta-la-energia-fotovoltaica-la-mano-voltfer\/","name":"CTAG apuesta por la energ\u00eda fotovoltaica de la mano de Voltfer | Energ\u00eda Eficiente | Voltfer","isPartOf":{"@id":"http:\/\/www.voltfer.es\/#website"},"primaryImageOfPage":{"@id":"http:\/\/www.voltfer.es\/en\/ctag-apuesta-la-energia-fotovoltaica-la-mano-voltfer\/#primaryimage"},"image":{"@id":"http:\/\/www.voltfer.es\/en\/ctag-apuesta-la-energia-fotovoltaica-la-mano-voltfer\/#primaryimage"},"thumbnailUrl":"http:\/\/www.voltfer.es\/wp-content\/uploads\/2023\/02\/Vista-instalaci\u00f3n-1-b.jpg","datePublished":"2023-02-22T10:16:59+00:00","breadcrumb":{"@id":"http:\/\/www.voltfer.es\/en\/ctag-apuesta-la-energia-fotovoltaica-la-mano-voltfer\/#breadcrumb"},"inLanguage":"en-US","potentialAction":[{"@type":"ReadAction","target":["http:\/\/www.voltfer.es\/en\/ctag-apuesta-la-energia-fotovoltaica-la-mano-voltfer\/"]}]},{"@type":"ImageObject","inLanguage":"en-US","@id":"http:\/\/www.voltfer.es\/en\/ctag-apuesta-la-energia-fotovoltaica-la-mano-voltfer\/#primaryimage","url":"http:\/\/www.voltfer.es\/wp-content\/uploads\/2023\/02\/Vista-instalaci\u00f3n-1-b.jpg","contentUrl":"http:\/\/www.voltfer.es\/wp-content\/uploads\/2023\/02\/Vista-instalaci\u00f3n-1-b.jpg","width":1920,"height":1080,"caption":"DCIM100MEDIADJI_0028.JPG"},{"@type":"BreadcrumbList","@id":"http:\/\/www.voltfer.es\/en\/ctag-apuesta-la-energia-fotovoltaica-la-mano-voltfer\/#breadcrumb","itemListElement":[{"@type":"ListItem","position":1,"name":"Portada","item":"http:\/\/www.voltfer.es\/"},{"@type":"ListItem","position":2,"name":"CTAG apuesta por la energ\u00eda fotovoltaica de la mano de Voltfer"}]},{"@type":"WebSite","@id":"http:\/\/www.voltfer.es\/#website","url":"http:\/\/www.voltfer.es\/","name":"Energ\u00eda Eficiente | Voltfer","description":"Keeping you Cool, in Every Step","publisher":{"@id":"http:\/\/www.voltfer.es\/#organization"},"potentialAction":[{"@type":"SearchAction","target":{"@type":"EntryPoint","urlTemplate":"http:\/\/www.voltfer.es\/?s={search_term_string}"},"query-input":{"@type":"PropertyValueSpecification","valueRequired":true,"valueName":"search_term_string"}}],"inLanguage":"en-US"},{"@type":"Organization","@id":"http:\/\/www.voltfer.es\/#organization","name":"Voltfer","url":"http:\/\/www.voltfer.es\/","logo":{"@type":"ImageObject","inLanguage":"en-US","@id":"http:\/\/www.voltfer.es\/#\/schema\/logo\/image\/","url":"http:\/\/www.voltfer.es\/wp-content\/uploads\/2017\/04\/Voltferlogo.png","contentUrl":"http:\/\/www.voltfer.es\/wp-content\/uploads\/2017\/04\/Voltferlogo.png","width":500,"height":185,"caption":"Voltfer"},"image":{"@id":"http:\/\/www.voltfer.es\/#\/schema\/logo\/image\/"}},{"@type":"Person","@id":"http:\/\/www.voltfer.es\/#\/schema\/person\/08d703708869cc341d6fb36f222d6166","name":"Omayra","image":{"@type":"ImageObject","inLanguage":"en-US","@id":"http:\/\/www.voltfer.es\/#\/schema\/person\/image\/","url":"https:\/\/secure.gravatar.com\/avatar\/671f4f057dc690f2b10440184209e8f2?s=96&d=mm&r=g","contentUrl":"https:\/\/secure.gravatar.com\/avatar\/671f4f057dc690f2b10440184209e8f2?s=96&d=mm&r=g","caption":"Omayra"},"url":"http:\/\/www.voltfer.es\/en\/author\/omayra\/"}]}},"_links":{"self":[{"href":"http:\/\/www.voltfer.es\/en\/wp-json\/wp\/v2\/posts\/407","targetHints":{"allow":["GET"]}}],"collection":[{"href":"http:\/\/www.voltfer.es\/en\/wp-json\/wp\/v2\/posts"}],"about":[{"href":"http:\/\/www.voltfer.es\/en\/wp-json\/wp\/v2\/types\/post"}],"author":[{"embeddable":true,"href":"http:\/\/www.voltfer.es\/en\/wp-json\/wp\/v2\/users\/4"}],"replies":[{"embeddable":true,"href":"http:\/\/www.voltfer.es\/en\/wp-json\/wp\/v2\/comments?post=407"}],"version-history":[{"count":1,"href":"http:\/\/www.voltfer.es\/en\/wp-json\/wp\/v2\/posts\/407\/revisions"}],"predecessor-version":[{"id":408,"href":"http:\/\/www.voltfer.es\/en\/wp-json\/wp\/v2\/posts\/407\/revisions\/408"}],"wp:featuredmedia":[{"embeddable":true,"href":"http:\/\/www.voltfer.es\/en\/wp-json\/wp\/v2\/media\/404"}],"wp:attachment":[{"href":"http:\/\/www.voltfer.es\/en\/wp-json\/wp\/v2\/media?parent=407"}],"wp:term":[{"taxonomy":"category","embeddable":true,"href":"http:\/\/www.voltfer.es\/en\/wp-json\/wp\/v2\/categories?post=407"},{"taxonomy":"post_tag","embeddable":true,"href":"http:\/\/www.voltfer.es\/en\/wp-json\/wp\/v2\/tags?post=407"}],"curies":[{"name":"wp","href":"https:\/\/api.w.org\/{rel}","templated":true}]}}