{"id":377,"date":"2022-02-07T13:22:38","date_gmt":"2022-02-07T12:22:38","guid":{"rendered":"http:\/\/www.voltfer.es\/?p=377"},"modified":"2022-02-07T13:22:38","modified_gmt":"2022-02-07T12:22:38","slug":"gadis-hiper-tui-reduce-dependencia-energetica-apostando-autoconsumo-fotovoltaico","status":"publish","type":"post","link":"http:\/\/www.voltfer.es\/en\/gadis-hiper-tui-reduce-dependencia-energetica-apostando-autoconsumo-fotovoltaico\/","title":{"rendered":"El Gadis H\u00edper de Tui reduce su dependencia energ\u00e9tica apostando por el autoconsumo fotovoltaico"},"content":{"rendered":"<ul>\n<li><strong>Voltfer, firma del Grupo Alvari\u00f1o especializada en soluciones de energ\u00edas renovables, pone en servicio una instalaci\u00f3n fotovoltaica que permite aprovechar para la producci\u00f3n energ\u00e9tica las cubiertas del aparcamiento de este centro comercial<\/strong><\/li>\n<li><strong>El parque fotovoltaico est\u00e1 integrada por m\u00e1s de 200 paneles solares que permiten un ahorro de energ\u00eda de 110.000 kWh\/a\u00f1o <\/strong><\/li>\n<li><strong>Con esta instalaci\u00f3n, Gadisa contribuir\u00e1 a una reducci\u00f3n en la emisi\u00f3n de gases efecto invernadero de 100 toneladas de CO2 al a\u00f1o<\/strong><\/li>\n<li><strong>El sector de la distribuci\u00f3n est\u00e1 apostando por las renovables en el marco de un consenso empresarial cada vez mayor hacia los modelos sostenibles en Galicia<\/strong><\/li>\n<\/ul>\n<p><strong>Vigo, 7 de febrero de 2022.-<\/strong> <strong>Gadisa<\/strong> avanza en su compromiso con la sostenibilidad y la ecoeficiencia en el marco de su estrategia ambiental, apostando por la fotovoltaica de autoconsumo para abordar la transici\u00f3n energ\u00e9tica de sus superficies comerciales. La firma de distribuci\u00f3n <strong>ha confiado en Voltfer, divisi\u00f3n del Grupo Alvari\u00f1o especializada en energ\u00edas renovables, para la instalaci\u00f3n y puesta en marcha de un parque fotovoltaico en el Gadis Hiper de Tui<\/strong>, que ya abastece parte de la demanda de electricidad de este complejo comercial.<\/p>\n<p><strong>La instalaci\u00f3n<\/strong>, que ya est\u00e1 en funcionamiento, <strong>permite aprovechar las cubiertas del aparcamiento del hipermercado para la producci\u00f3n de energ\u00eda<\/strong>, sumando m\u00e1s de 200 paneles solares que suponen un ahorro energ\u00e9tico de casi 110.000 kWh\/a\u00f1o.<\/p>\n<p>De este modo, <strong>la energ\u00eda verde generada con esta fotovoltaica para su autoconsumo <em>in situ<\/em> contribuir\u00e1 a una reducci\u00f3n de la emisi\u00f3n de gases efecto invernadero de unas 100 toneladas de CO2 al a\u00f1o<\/strong>.<\/p>\n<p>El presidente del Grupo Alvari\u00f1o enmarc\u00f3 esta apuesta por las renovables de Gadisa en un consenso hacia los modelos energ\u00e9ticos sostenibles al que cada vez se suman m\u00e1s firmas del tejido productivo gallego de todos los sectores, y en el que la distribuci\u00f3n tambi\u00e9n est\u00e1 siendo protagonista. <em>\u201cEl autoconsumo energ\u00e9tico supone una apuesta por la sostenibilidad y la transici\u00f3n hacia un nuevo modelo productivo m\u00e1s justo y comprometido con el medio ambiente que redunda tambi\u00e9n en una mayor competitividad de las empresas\u201d,<\/em> apunt\u00f3.<\/p>\n<p>En este sentido, el director de Voltfer, Jos\u00e9 Mar\u00eda Fari\u00f1a, se\u00f1al\u00f3 que <em>\u201clos sistemas de autoconsumo fotovoltaico suponen la mejor alternativa para optimizar las posibilidades de ahorro energ\u00e9tico en edificios para usos comerciales con grandes superficies construidas en pol\u00edgonos industriales, y muy especialmente en firmas del sector de la distribuci\u00f3n, con elevados consumos, como este Gadis H\u00edper de Tui\u201d<\/em>. <em>\u201cLa tecnolog\u00eda solar fotovoltaica es la forma m\u00e1s rentable y eficiente de generar energ\u00eda en el mismo lugar de su utilizaci\u00f3n, es m\u00e1s competitiva que la generaci\u00f3n de energ\u00eda mediante m\u00e9todos tradicionales, no renovables, y adem\u00e1s hay que destacar su r\u00e1pida instalaci\u00f3n y pr\u00e1cticamente nulo mantenimiento\u201d<\/em>, explic\u00f3.<\/p>\n<p>En este contexto, Voltfer, ha ejecutado recientemente otros grandes proyectos en industrias y empresas de diversos sectores que ya apuestan por la fotovoltaica para sus instalaciones, sumando m\u00e1s de 2 MW de potencia instalada en el \u00faltimo ejercicio. Entre ellas, firmas congeladoras, refrigeradoras o transformadoras de productos del mar con elevados consumos, como Frioya, Mascato o Casa Botas; instalaciones agroindustriales como las cooperativas Aira y Coren; proveedores industriales, como Kinarca; concesionarios de autom\u00f3viles de los grupos referentes en Galicia; complejos hoteleros como Caldaria; y otras como New Balance, Bimba y Lola, Moreira y un largo etc. de empresas que ya se benefician de producir su propia electricidad.<\/p>\n<p><img fetchpriority=\"high\" decoding=\"async\" class=\"alignnone size-large wp-image-378\" src=\"http:\/\/www.voltfer.es\/wp-content\/uploads\/2022\/02\/foto_Gadis-H\u00edper-Tui-1024x516.jpg\" alt=\"\" width=\"1024\" height=\"516\" srcset=\"http:\/\/www.voltfer.es\/wp-content\/uploads\/2022\/02\/foto_Gadis-H\u00edper-Tui-1024x516.jpg 1024w, http:\/\/www.voltfer.es\/wp-content\/uploads\/2022\/02\/foto_Gadis-H\u00edper-Tui-300x151.jpg 300w, http:\/\/www.voltfer.es\/wp-content\/uploads\/2022\/02\/foto_Gadis-H\u00edper-Tui-768x387.jpg 768w, http:\/\/www.voltfer.es\/wp-content\/uploads\/2022\/02\/foto_Gadis-H\u00edper-Tui-260x131.jpg 260w, http:\/\/www.voltfer.es\/wp-content\/uploads\/2022\/02\/foto_Gadis-H\u00edper-Tui-50x25.jpg 50w, http:\/\/www.voltfer.es\/wp-content\/uploads\/2022\/02\/foto_Gadis-H\u00edper-Tui-150x75.jpg 150w\" sizes=\"(max-width: 1024px) 100vw, 1024px\" \/><\/p>","protected":false},"excerpt":{"rendered":"<p>Voltfer, firma del Grupo Alvari\u00f1o especializada en soluciones de energ\u00edas renovables, pone en servicio una instalaci\u00f3n fotovoltaica que permite aprovechar para la producci\u00f3n energ\u00e9tica las cubiertas del aparcamiento de este centro comercial El parque fotovoltaico est\u00e1 integrada por m\u00e1s de 200 paneles solares que permiten un ahorro de energ\u00eda de 110.000 kWh\/a\u00f1o Con esta instalaci\u00f3n, [&hellip;]<\/p>","protected":false},"author":4,"featured_media":378,"comment_status":"open","ping_status":"open","sticky":false,"template":"","format":"standard","meta":{"site-sidebar-layout":"default","site-content-layout":"","ast-site-content-layout":"default","site-content-style":"default","site-sidebar-style":"default","ast-global-header-display":"","ast-banner-title-visibility":"","ast-main-header-display":"","ast-hfb-above-header-display":"","ast-hfb-below-header-display":"","ast-hfb-mobile-header-display":"","site-post-title":"","ast-breadcrumbs-content":"","ast-featured-img":"","footer-sml-layout":"","theme-transparent-header-meta":"","adv-header-id-meta":"","stick-header-meta":"","header-above-stick-meta":"","header-main-stick-meta":"","header-below-stick-meta":"","astra-migrate-meta-layouts":"default","ast-page-background-enabled":"default","ast-page-background-meta":{"desktop":{"background-color":"","background-image":"","background-repeat":"repeat","background-position":"center center","background-size":"auto","background-attachment":"scroll","background-type":"","background-media":"","overlay-type":"","overlay-color":"","overlay-opacity":"","overlay-gradient":""},"tablet":{"background-color":"","background-image":"","background-repeat":"repeat","background-position":"center center","background-size":"auto","background-attachment":"scroll","background-type":"","background-media":"","overlay-type":"","overlay-color":"","overlay-opacity":"","overlay-gradient":""},"mobile":{"background-color":"","background-image":"","background-repeat":"repeat","background-position":"center center","background-size":"auto","background-attachment":"scroll","background-type":"","background-media":"","overlay-type":"","overlay-color":"","overlay-opacity":"","overlay-gradient":""}},"ast-content-background-meta":{"desktop":{"background-color":"var(--ast-global-color-5)","background-image":"","background-repeat":"repeat","background-position":"center center","background-size":"auto","background-attachment":"scroll","background-type":"","background-media":"","overlay-type":"","overlay-color":"","overlay-opacity":"","overlay-gradient":""},"tablet":{"background-color":"var(--ast-global-color-5)","background-image":"","background-repeat":"repeat","background-position":"center center","background-size":"auto","background-attachment":"scroll","background-type":"","background-media":"","overlay-type":"","overlay-color":"","overlay-opacity":"","overlay-gradient":""},"mobile":{"background-color":"var(--ast-global-color-5)","background-image":"","background-repeat":"repeat","background-position":"center center","background-size":"auto","background-attachment":"scroll","background-type":"","background-media":"","overlay-type":"","overlay-color":"","overlay-opacity":"","overlay-gradient":""}},"footnotes":""},"categories":[1],"tags":[5,24,25,17,18],"class_list":["post-377","post","type-post","status-publish","format-standard","has-post-thumbnail","hentry","category-noticias-energeticas-galicia","tag-fotovoltaica","tag-galicia","tag-transicionenergetica","tag-autoconsumo","tag-empresas"],"yoast_head":"<!-- This site is optimized with the Yoast SEO plugin v25.4 - https:\/\/yoast.com\/wordpress\/plugins\/seo\/ -->\n<title>El Gadis H\u00edper de Tui reduce su dependencia energ\u00e9tica apostando por el autoconsumo fotovoltaico | Energ\u00eda Eficiente | Voltfer<\/title>\n<meta name=\"robots\" content=\"index, follow, max-snippet:-1, max-image-preview:large, max-video-preview:-1\" \/>\n<link rel=\"canonical\" href=\"http:\/\/www.voltfer.es\/en\/gadis-hiper-tui-reduce-dependencia-energetica-apostando-autoconsumo-fotovoltaico\/\" \/>\n<meta property=\"og:locale\" content=\"en_US\" \/>\n<meta property=\"og:type\" content=\"article\" \/>\n<meta property=\"og:title\" content=\"El Gadis H\u00edper de Tui reduce su dependencia energ\u00e9tica apostando por el autoconsumo fotovoltaico | Energ\u00eda Eficiente | Voltfer\" \/>\n<meta property=\"og:description\" content=\"Voltfer, firma del Grupo Alvari\u00f1o especializada en soluciones de energ\u00edas renovables, pone en servicio una instalaci\u00f3n fotovoltaica que permite aprovechar para la producci\u00f3n energ\u00e9tica las cubiertas del aparcamiento de este centro comercial El parque fotovoltaico est\u00e1 integrada por m\u00e1s de 200 paneles solares que permiten un ahorro de energ\u00eda de 110.000 kWh\/a\u00f1o Con esta instalaci\u00f3n, [&hellip;]\" \/>\n<meta property=\"og:url\" content=\"http:\/\/www.voltfer.es\/en\/gadis-hiper-tui-reduce-dependencia-energetica-apostando-autoconsumo-fotovoltaico\/\" \/>\n<meta property=\"og:site_name\" content=\"Energ\u00eda Eficiente | Voltfer\" \/>\n<meta property=\"article:published_time\" content=\"2022-02-07T12:22:38+00:00\" \/>\n<meta property=\"og:image\" content=\"http:\/\/www.voltfer.es\/wp-content\/uploads\/2022\/02\/foto_Gadis-H\u00edper-Tui-1024x516.jpg\" \/>\n\t<meta property=\"og:image:width\" content=\"1024\" \/>\n\t<meta property=\"og:image:height\" content=\"516\" \/>\n\t<meta property=\"og:image:type\" content=\"image\/jpeg\" \/>\n<meta name=\"author\" content=\"Omayra\" \/>\n<meta name=\"twitter:card\" content=\"summary_large_image\" \/>\n<meta name=\"twitter:label1\" content=\"Written by\" \/>\n\t<meta name=\"twitter:data1\" content=\"Omayra\" \/>\n\t<meta name=\"twitter:label2\" content=\"Est. reading time\" \/>\n\t<meta name=\"twitter:data2\" content=\"3 minutes\" \/>\n<script type=\"application\/ld+json\" class=\"yoast-schema-graph\">{\"@context\":\"https:\/\/schema.org\",\"@graph\":[{\"@type\":\"Article\",\"@id\":\"http:\/\/www.voltfer.es\/en\/gadis-hiper-tui-reduce-dependencia-energetica-apostando-autoconsumo-fotovoltaico\/#article\",\"isPartOf\":{\"@id\":\"http:\/\/www.voltfer.es\/en\/gadis-hiper-tui-reduce-dependencia-energetica-apostando-autoconsumo-fotovoltaico\/\"},\"author\":{\"name\":\"Omayra\",\"@id\":\"http:\/\/www.voltfer.es\/#\/schema\/person\/08d703708869cc341d6fb36f222d6166\"},\"headline\":\"El Gadis H\u00edper de Tui reduce su dependencia energ\u00e9tica apostando por el autoconsumo fotovoltaico\",\"datePublished\":\"2022-02-07T12:22:38+00:00\",\"mainEntityOfPage\":{\"@id\":\"http:\/\/www.voltfer.es\/en\/gadis-hiper-tui-reduce-dependencia-energetica-apostando-autoconsumo-fotovoltaico\/\"},\"wordCount\":620,\"commentCount\":0,\"publisher\":{\"@id\":\"http:\/\/www.voltfer.es\/#organization\"},\"image\":{\"@id\":\"http:\/\/www.voltfer.es\/en\/gadis-hiper-tui-reduce-dependencia-energetica-apostando-autoconsumo-fotovoltaico\/#primaryimage\"},\"thumbnailUrl\":\"http:\/\/www.voltfer.es\/wp-content\/uploads\/2022\/02\/foto_Gadis-H\u00edper-Tui.jpg\",\"keywords\":[\"#fotovoltaica\",\"#Galicia\",\"#Transici\u00f3nEnerg\u00e9tica\",\"autoconsumo\",\"empresas\"],\"articleSection\":[\"Noticias\"],\"inLanguage\":\"en-US\",\"potentialAction\":[{\"@type\":\"CommentAction\",\"name\":\"Comment\",\"target\":[\"http:\/\/www.voltfer.es\/en\/gadis-hiper-tui-reduce-dependencia-energetica-apostando-autoconsumo-fotovoltaico\/#respond\"]}]},{\"@type\":\"WebPage\",\"@id\":\"http:\/\/www.voltfer.es\/en\/gadis-hiper-tui-reduce-dependencia-energetica-apostando-autoconsumo-fotovoltaico\/\",\"url\":\"http:\/\/www.voltfer.es\/en\/gadis-hiper-tui-reduce-dependencia-energetica-apostando-autoconsumo-fotovoltaico\/\",\"name\":\"El Gadis H\u00edper de Tui reduce su dependencia energ\u00e9tica apostando por el autoconsumo fotovoltaico | Energ\u00eda Eficiente | Voltfer\",\"isPartOf\":{\"@id\":\"http:\/\/www.voltfer.es\/#website\"},\"primaryImageOfPage\":{\"@id\":\"http:\/\/www.voltfer.es\/en\/gadis-hiper-tui-reduce-dependencia-energetica-apostando-autoconsumo-fotovoltaico\/#primaryimage\"},\"image\":{\"@id\":\"http:\/\/www.voltfer.es\/en\/gadis-hiper-tui-reduce-dependencia-energetica-apostando-autoconsumo-fotovoltaico\/#primaryimage\"},\"thumbnailUrl\":\"http:\/\/www.voltfer.es\/wp-content\/uploads\/2022\/02\/foto_Gadis-H\u00edper-Tui.jpg\",\"datePublished\":\"2022-02-07T12:22:38+00:00\",\"breadcrumb\":{\"@id\":\"http:\/\/www.voltfer.es\/en\/gadis-hiper-tui-reduce-dependencia-energetica-apostando-autoconsumo-fotovoltaico\/#breadcrumb\"},\"inLanguage\":\"en-US\",\"potentialAction\":[{\"@type\":\"ReadAction\",\"target\":[\"http:\/\/www.voltfer.es\/en\/gadis-hiper-tui-reduce-dependencia-energetica-apostando-autoconsumo-fotovoltaico\/\"]}]},{\"@type\":\"ImageObject\",\"inLanguage\":\"en-US\",\"@id\":\"http:\/\/www.voltfer.es\/en\/gadis-hiper-tui-reduce-dependencia-energetica-apostando-autoconsumo-fotovoltaico\/#primaryimage\",\"url\":\"http:\/\/www.voltfer.es\/wp-content\/uploads\/2022\/02\/foto_Gadis-H\u00edper-Tui.jpg\",\"contentUrl\":\"http:\/\/www.voltfer.es\/wp-content\/uploads\/2022\/02\/foto_Gadis-H\u00edper-Tui.jpg\",\"width\":3029,\"height\":1525},{\"@type\":\"BreadcrumbList\",\"@id\":\"http:\/\/www.voltfer.es\/en\/gadis-hiper-tui-reduce-dependencia-energetica-apostando-autoconsumo-fotovoltaico\/#breadcrumb\",\"itemListElement\":[{\"@type\":\"ListItem\",\"position\":1,\"name\":\"Portada\",\"item\":\"http:\/\/www.voltfer.es\/\"},{\"@type\":\"ListItem\",\"position\":2,\"name\":\"El Gadis H\u00edper de Tui reduce su dependencia energ\u00e9tica apostando por el autoconsumo fotovoltaico\"}]},{\"@type\":\"WebSite\",\"@id\":\"http:\/\/www.voltfer.es\/#website\",\"url\":\"http:\/\/www.voltfer.es\/\",\"name\":\"Energ\u00eda Eficiente | Voltfer\",\"description\":\"Keeping you Cool, in Every Step\",\"publisher\":{\"@id\":\"http:\/\/www.voltfer.es\/#organization\"},\"potentialAction\":[{\"@type\":\"SearchAction\",\"target\":{\"@type\":\"EntryPoint\",\"urlTemplate\":\"http:\/\/www.voltfer.es\/?s={search_term_string}\"},\"query-input\":{\"@type\":\"PropertyValueSpecification\",\"valueRequired\":true,\"valueName\":\"search_term_string\"}}],\"inLanguage\":\"en-US\"},{\"@type\":\"Organization\",\"@id\":\"http:\/\/www.voltfer.es\/#organization\",\"name\":\"Voltfer\",\"url\":\"http:\/\/www.voltfer.es\/\",\"logo\":{\"@type\":\"ImageObject\",\"inLanguage\":\"en-US\",\"@id\":\"http:\/\/www.voltfer.es\/#\/schema\/logo\/image\/\",\"url\":\"http:\/\/www.voltfer.es\/wp-content\/uploads\/2017\/04\/Voltferlogo.png\",\"contentUrl\":\"http:\/\/www.voltfer.es\/wp-content\/uploads\/2017\/04\/Voltferlogo.png\",\"width\":500,\"height\":185,\"caption\":\"Voltfer\"},\"image\":{\"@id\":\"http:\/\/www.voltfer.es\/#\/schema\/logo\/image\/\"}},{\"@type\":\"Person\",\"@id\":\"http:\/\/www.voltfer.es\/#\/schema\/person\/08d703708869cc341d6fb36f222d6166\",\"name\":\"Omayra\",\"image\":{\"@type\":\"ImageObject\",\"inLanguage\":\"en-US\",\"@id\":\"http:\/\/www.voltfer.es\/#\/schema\/person\/image\/\",\"url\":\"https:\/\/secure.gravatar.com\/avatar\/671f4f057dc690f2b10440184209e8f2?s=96&d=mm&r=g\",\"contentUrl\":\"https:\/\/secure.gravatar.com\/avatar\/671f4f057dc690f2b10440184209e8f2?s=96&d=mm&r=g\",\"caption\":\"Omayra\"},\"url\":\"http:\/\/www.voltfer.es\/en\/author\/omayra\/\"}]}<\/script>\n<!-- \/ Yoast SEO plugin. -->","yoast_head_json":{"title":"El Gadis H\u00edper de Tui reduce su dependencia energ\u00e9tica apostando por el autoconsumo fotovoltaico | Energ\u00eda Eficiente | Voltfer","robots":{"index":"index","follow":"follow","max-snippet":"max-snippet:-1","max-image-preview":"max-image-preview:large","max-video-preview":"max-video-preview:-1"},"canonical":"http:\/\/www.voltfer.es\/en\/gadis-hiper-tui-reduce-dependencia-energetica-apostando-autoconsumo-fotovoltaico\/","og_locale":"en_US","og_type":"article","og_title":"El Gadis H\u00edper de Tui reduce su dependencia energ\u00e9tica apostando por el autoconsumo fotovoltaico | Energ\u00eda Eficiente | Voltfer","og_description":"Voltfer, firma del Grupo Alvari\u00f1o especializada en soluciones de energ\u00edas renovables, pone en servicio una instalaci\u00f3n fotovoltaica que permite aprovechar para la producci\u00f3n energ\u00e9tica las cubiertas del aparcamiento de este centro comercial El parque fotovoltaico est\u00e1 integrada por m\u00e1s de 200 paneles solares que permiten un ahorro de energ\u00eda de 110.000 kWh\/a\u00f1o Con esta instalaci\u00f3n, [&hellip;]","og_url":"http:\/\/www.voltfer.es\/en\/gadis-hiper-tui-reduce-dependencia-energetica-apostando-autoconsumo-fotovoltaico\/","og_site_name":"Energ\u00eda Eficiente | Voltfer","article_published_time":"2022-02-07T12:22:38+00:00","og_image":[{"width":1024,"height":516,"url":"http:\/\/www.voltfer.es\/wp-content\/uploads\/2022\/02\/foto_Gadis-H\u00edper-Tui-1024x516.jpg","type":"image\/jpeg"}],"author":"Omayra","twitter_card":"summary_large_image","twitter_misc":{"Written by":"Omayra","Est. reading time":"3 minutes"},"schema":{"@context":"https:\/\/schema.org","@graph":[{"@type":"Article","@id":"http:\/\/www.voltfer.es\/en\/gadis-hiper-tui-reduce-dependencia-energetica-apostando-autoconsumo-fotovoltaico\/#article","isPartOf":{"@id":"http:\/\/www.voltfer.es\/en\/gadis-hiper-tui-reduce-dependencia-energetica-apostando-autoconsumo-fotovoltaico\/"},"author":{"name":"Omayra","@id":"http:\/\/www.voltfer.es\/#\/schema\/person\/08d703708869cc341d6fb36f222d6166"},"headline":"El Gadis H\u00edper de Tui reduce su dependencia energ\u00e9tica apostando por el autoconsumo fotovoltaico","datePublished":"2022-02-07T12:22:38+00:00","mainEntityOfPage":{"@id":"http:\/\/www.voltfer.es\/en\/gadis-hiper-tui-reduce-dependencia-energetica-apostando-autoconsumo-fotovoltaico\/"},"wordCount":620,"commentCount":0,"publisher":{"@id":"http:\/\/www.voltfer.es\/#organization"},"image":{"@id":"http:\/\/www.voltfer.es\/en\/gadis-hiper-tui-reduce-dependencia-energetica-apostando-autoconsumo-fotovoltaico\/#primaryimage"},"thumbnailUrl":"http:\/\/www.voltfer.es\/wp-content\/uploads\/2022\/02\/foto_Gadis-H\u00edper-Tui.jpg","keywords":["#fotovoltaica","#Galicia","#Transici\u00f3nEnerg\u00e9tica","autoconsumo","empresas"],"articleSection":["Noticias"],"inLanguage":"en-US","potentialAction":[{"@type":"CommentAction","name":"Comment","target":["http:\/\/www.voltfer.es\/en\/gadis-hiper-tui-reduce-dependencia-energetica-apostando-autoconsumo-fotovoltaico\/#respond"]}]},{"@type":"WebPage","@id":"http:\/\/www.voltfer.es\/en\/gadis-hiper-tui-reduce-dependencia-energetica-apostando-autoconsumo-fotovoltaico\/","url":"http:\/\/www.voltfer.es\/en\/gadis-hiper-tui-reduce-dependencia-energetica-apostando-autoconsumo-fotovoltaico\/","name":"El Gadis H\u00edper de Tui reduce su dependencia energ\u00e9tica apostando por el autoconsumo fotovoltaico | Energ\u00eda Eficiente | Voltfer","isPartOf":{"@id":"http:\/\/www.voltfer.es\/#website"},"primaryImageOfPage":{"@id":"http:\/\/www.voltfer.es\/en\/gadis-hiper-tui-reduce-dependencia-energetica-apostando-autoconsumo-fotovoltaico\/#primaryimage"},"image":{"@id":"http:\/\/www.voltfer.es\/en\/gadis-hiper-tui-reduce-dependencia-energetica-apostando-autoconsumo-fotovoltaico\/#primaryimage"},"thumbnailUrl":"http:\/\/www.voltfer.es\/wp-content\/uploads\/2022\/02\/foto_Gadis-H\u00edper-Tui.jpg","datePublished":"2022-02-07T12:22:38+00:00","breadcrumb":{"@id":"http:\/\/www.voltfer.es\/en\/gadis-hiper-tui-reduce-dependencia-energetica-apostando-autoconsumo-fotovoltaico\/#breadcrumb"},"inLanguage":"en-US","potentialAction":[{"@type":"ReadAction","target":["http:\/\/www.voltfer.es\/en\/gadis-hiper-tui-reduce-dependencia-energetica-apostando-autoconsumo-fotovoltaico\/"]}]},{"@type":"ImageObject","inLanguage":"en-US","@id":"http:\/\/www.voltfer.es\/en\/gadis-hiper-tui-reduce-dependencia-energetica-apostando-autoconsumo-fotovoltaico\/#primaryimage","url":"http:\/\/www.voltfer.es\/wp-content\/uploads\/2022\/02\/foto_Gadis-H\u00edper-Tui.jpg","contentUrl":"http:\/\/www.voltfer.es\/wp-content\/uploads\/2022\/02\/foto_Gadis-H\u00edper-Tui.jpg","width":3029,"height":1525},{"@type":"BreadcrumbList","@id":"http:\/\/www.voltfer.es\/en\/gadis-hiper-tui-reduce-dependencia-energetica-apostando-autoconsumo-fotovoltaico\/#breadcrumb","itemListElement":[{"@type":"ListItem","position":1,"name":"Portada","item":"http:\/\/www.voltfer.es\/"},{"@type":"ListItem","position":2,"name":"El Gadis H\u00edper de Tui reduce su dependencia energ\u00e9tica apostando por el autoconsumo fotovoltaico"}]},{"@type":"WebSite","@id":"http:\/\/www.voltfer.es\/#website","url":"http:\/\/www.voltfer.es\/","name":"Energ\u00eda Eficiente | Voltfer","description":"Keeping you Cool, in Every Step","publisher":{"@id":"http:\/\/www.voltfer.es\/#organization"},"potentialAction":[{"@type":"SearchAction","target":{"@type":"EntryPoint","urlTemplate":"http:\/\/www.voltfer.es\/?s={search_term_string}"},"query-input":{"@type":"PropertyValueSpecification","valueRequired":true,"valueName":"search_term_string"}}],"inLanguage":"en-US"},{"@type":"Organization","@id":"http:\/\/www.voltfer.es\/#organization","name":"Voltfer","url":"http:\/\/www.voltfer.es\/","logo":{"@type":"ImageObject","inLanguage":"en-US","@id":"http:\/\/www.voltfer.es\/#\/schema\/logo\/image\/","url":"http:\/\/www.voltfer.es\/wp-content\/uploads\/2017\/04\/Voltferlogo.png","contentUrl":"http:\/\/www.voltfer.es\/wp-content\/uploads\/2017\/04\/Voltferlogo.png","width":500,"height":185,"caption":"Voltfer"},"image":{"@id":"http:\/\/www.voltfer.es\/#\/schema\/logo\/image\/"}},{"@type":"Person","@id":"http:\/\/www.voltfer.es\/#\/schema\/person\/08d703708869cc341d6fb36f222d6166","name":"Omayra","image":{"@type":"ImageObject","inLanguage":"en-US","@id":"http:\/\/www.voltfer.es\/#\/schema\/person\/image\/","url":"https:\/\/secure.gravatar.com\/avatar\/671f4f057dc690f2b10440184209e8f2?s=96&d=mm&r=g","contentUrl":"https:\/\/secure.gravatar.com\/avatar\/671f4f057dc690f2b10440184209e8f2?s=96&d=mm&r=g","caption":"Omayra"},"url":"http:\/\/www.voltfer.es\/en\/author\/omayra\/"}]}},"_links":{"self":[{"href":"http:\/\/www.voltfer.es\/en\/wp-json\/wp\/v2\/posts\/377","targetHints":{"allow":["GET"]}}],"collection":[{"href":"http:\/\/www.voltfer.es\/en\/wp-json\/wp\/v2\/posts"}],"about":[{"href":"http:\/\/www.voltfer.es\/en\/wp-json\/wp\/v2\/types\/post"}],"author":[{"embeddable":true,"href":"http:\/\/www.voltfer.es\/en\/wp-json\/wp\/v2\/users\/4"}],"replies":[{"embeddable":true,"href":"http:\/\/www.voltfer.es\/en\/wp-json\/wp\/v2\/comments?post=377"}],"version-history":[{"count":1,"href":"http:\/\/www.voltfer.es\/en\/wp-json\/wp\/v2\/posts\/377\/revisions"}],"predecessor-version":[{"id":379,"href":"http:\/\/www.voltfer.es\/en\/wp-json\/wp\/v2\/posts\/377\/revisions\/379"}],"wp:featuredmedia":[{"embeddable":true,"href":"http:\/\/www.voltfer.es\/en\/wp-json\/wp\/v2\/media\/378"}],"wp:attachment":[{"href":"http:\/\/www.voltfer.es\/en\/wp-json\/wp\/v2\/media?parent=377"}],"wp:term":[{"taxonomy":"category","embeddable":true,"href":"http:\/\/www.voltfer.es\/en\/wp-json\/wp\/v2\/categories?post=377"},{"taxonomy":"post_tag","embeddable":true,"href":"http:\/\/www.voltfer.es\/en\/wp-json\/wp\/v2\/tags?post=377"}],"curies":[{"name":"wp","href":"https:\/\/api.w.org\/{rel}","templated":true}]}}